{"id":839,"date":"2020-06-04T15:49:41","date_gmt":"2020-06-04T18:49:41","guid":{"rendered":"https:\/\/www.controlid.com.br\/blog\/?p=839"},"modified":"2020-06-08T17:55:53","modified_gmt":"2020-06-08T20:55:53","slug":"lei-geral-de-protecao-de-dados","status":"publish","type":"post","link":"https:\/\/www.controlid.com.br\/blog\/outros\/lei-geral-de-protecao-de-dados\/","title":{"rendered":"Lei Geral de Prote\u00e7\u00e3o de Dados, biometria e privacidade: veja o que diz a norma"},"content":{"rendered":"<p><span style=\"font-weight: 400;\">Considerado um marco decisivo na prote\u00e7\u00e3o de dados pessoais que trafegam nos ambientes virtuais, a <\/span><a href=\"http:\/\/www.planalto.gov.br\/ccivil_03\/_ato2015-2018\/2018\/lei\/L13709.htm\" target=\"_blank\" rel=\"noopener noreferrer\"><span style=\"font-weight: 400;\">Lei Geral de Prote\u00e7\u00e3o de Dados (LGPD)<\/span><\/a><span style=\"font-weight: 400;\"> trouxe muitas d\u00favidas com rela\u00e7\u00e3o ao tratamento que receber\u00e3o nossas informa\u00e7\u00f5es privadas e individuais a partir de sua entrada em vigor. Neste post, falaremos mais sobre o que a lei prev\u00ea para a identifica\u00e7\u00e3o biom\u00e9trica.<\/span><\/p>\n<p><span style=\"font-weight: 400;\"><br \/>\n<\/span><span style=\"font-weight: 400;\">Antes, uma r\u00e1pida observa\u00e7\u00e3o: ainda n\u00e3o h\u00e1 informa\u00e7\u00f5es precisas sobre a entrada em vigor da lei. Na movimenta\u00e7\u00e3o mais recente, <\/span><a href=\"https:\/\/www.conjur.com.br\/2020-mai-20\/antecipacao-entrada-vigor-lgpd-gerar-inseguranca\" target=\"_blank\" rel=\"noopener noreferrer\"><span style=\"font-weight: 400;\">o Senado dividiu a vig\u00eancia do texto em dois tempos<\/span><\/a><span style=\"font-weight: 400;\">: a norma voltaria a vigorar a partir de agosto de 2020, mas as san\u00e7\u00f5es s\u00f3 valeriam a partir de agosto de 2021. A altera\u00e7\u00e3o aguarda posicionamento presidencial. Portanto, \u00e9 bom ficar atento \u00e0s pr\u00f3ximas movimenta\u00e7\u00f5es.<\/span><\/p>\n<h2>Lei Geral de Prote\u00e7\u00e3o de Dados e a biometria<\/h2>\n<p><span style=\"font-weight: 400;\">De todo modo, o texto da lei permanece o mesmo e trata as <\/span><b>informa\u00e7\u00f5es biom\u00e9tricas<\/b><span style=\"font-weight: 400;\"> como <\/span><b>dados pessoais sens\u00edveis<\/b><span style=\"font-weight: 400;\">, assim com as informa\u00e7\u00f5es sobre origem racial ou \u00e9tnica, convic\u00e7\u00e3o religiosa, opini\u00e3o pol\u00edtica, filia\u00e7\u00e3o a sindicato ou organiza\u00e7\u00e3o de car\u00e1ter religioso, filos\u00f3fico ou pol\u00edtico, dado referente \u00e0 sa\u00fade ou \u00e0 vida sexual ou dado gen\u00e9tico.<\/span><\/p>\n<p><span style=\"font-weight: 400;\">Naturalmente, nos vem a pergunta: dados pessoais sens\u00edveis podem ser <\/span><b>tratados<\/b><span style=\"font-weight: 400;\">?<\/span><\/p>\n<p><span style=\"font-weight: 400;\">A\u00ed cabe uma nova explica\u00e7\u00e3o sobre o que \u00e9 <\/span><b>tratamento<\/b><span style=\"font-weight: 400;\">, no texto da lei geral de prote\u00e7\u00e3o de dados. Segundo a mat\u00e9ria, tratamento \u00e9 toda opera\u00e7\u00e3o realizada com os dados pessoais, o que inclui coleta, produ\u00e7\u00e3o, recep\u00e7\u00e3o, classifica\u00e7\u00e3o, utiliza\u00e7\u00e3o, acesso, reprodu\u00e7\u00e3o, transmiss\u00e3o, distribui\u00e7\u00e3o, processamento, arquivamento, armazenamento, elimina\u00e7\u00e3o, avalia\u00e7\u00e3o ou controle, modifica\u00e7\u00e3o, comunica\u00e7\u00e3o, transfer\u00eancia, difus\u00e3o ou extra\u00e7\u00e3o da informa\u00e7\u00e3o.<\/span><\/p>\n<p><span style=\"font-weight: 400;\">Voltando \u00e0 nossa quest\u00e3o, os dados pessoais sens\u00edveis (como \u00e9 o caso da biometria) s\u00f3 podem receber algum tipo de tratamento em situa\u00e7\u00f5es muito espec\u00edficas:<\/span><\/p>\n<ul>\n<li style=\"font-weight: 400;\"><span style=\"font-weight: 400;\">Quando o titular consentir;<\/span><\/li>\n<li style=\"font-weight: 400;\"><span style=\"font-weight: 400;\">Ou quando o titular n\u00e3o consentir, nos seguintes casos;<\/span><\/li>\n<li style=\"font-weight: 400;\"><span style=\"font-weight: 400;\">Cumprimento de obriga\u00e7\u00e3o legal;<\/span><\/li>\n<li style=\"font-weight: 400;\"><span style=\"font-weight: 400;\">Tratamento compartilhado de dados para efetiva\u00e7\u00e3o de pol\u00edticas p\u00fablicas;<\/span><\/li>\n<li style=\"font-weight: 400;\"><span style=\"font-weight: 400;\">Realiza\u00e7\u00e3o de pesquisas, com garantia da anonimiza\u00e7\u00e3o;<\/span><\/li>\n<li style=\"font-weight: 400;\"><span style=\"font-weight: 400;\">Prote\u00e7\u00e3o da vida do titular ou de terceiros;<\/span><\/li>\n<li style=\"font-weight: 400;\"><span style=\"font-weight: 400;\">Tutela da sa\u00fade;<\/span><\/li>\n<li style=\"font-weight: 400;\"><span style=\"font-weight: 400;\">Garantia de prote\u00e7\u00e3o contra fraudes ou atentados \u00e0 seguran\u00e7a do titular.<\/span><\/li>\n<\/ul>\n<p><span style=\"font-weight: 400;\">Em outras palavras, apenas em circunst\u00e2ncias muito claras a biometria poder\u00e1 receber algum tipo de tratamento, o que suscita d\u00favidas sobre os mecanismos de seguran\u00e7a e o grau de confiabilidade dos dispositivos que se valem da identifica\u00e7\u00e3o por meio de caracter\u00edsticas biom\u00e9tricas.<\/span><\/p>\n<p><span style=\"font-weight: 400;\">Ou seja, a imagem da impress\u00e3o digital, da \u00edris, do rosto ou qualquer outra especificidade n\u00e3o poder\u00e3o ultrapassar os fins a que se destinam.<\/span><\/p>\n<p><span style=\"font-weight: 400;\">A boa not\u00edcia \u00e9 que os dispositivos de capta\u00e7\u00e3o dessas imagens n\u00e3o trabalham com a biometria em si, mas com com um c\u00f3digo que essa imagem gera.<\/span><\/p>\n<p><span style=\"font-weight: 400;\">Quando o usu\u00e1rio coloca o dedo e um dispositivo de controle de acesso, por exemplo, essa imagem \u00e9 criptografada e transformada em um c\u00f3digo hash &#8211; algoritmo que garante sua autenticidade sem revelar os dados.<\/span><\/p>\n<p><span style=\"font-weight: 400;\">Na <\/span><a href=\"https:\/\/www.controlid.com.br\/\"><span style=\"font-weight: 400;\">Control iD<\/span><\/a><span style=\"font-weight: 400;\">, l\u00edder no mercado em marcadores de ponto digitais e dispositivos de <a href=\"https:\/\/www.controlid.com.br\/controle-de-acesso\/\" target=\"_blank\" rel=\"noopener noreferrer\">controle de acesso<\/a>, os c\u00f3digos s\u00e3o desenvolvidos pelo fornecedor do algoritmo, a <\/span><a href=\"https:\/\/www.innovatrics.com\/\" target=\"_blank\" rel=\"noopener noreferrer\"><span style=\"font-weight: 400;\">Innovatrics<\/span><\/a><span style=\"font-weight: 400;\">, que tem total garantia de seguran\u00e7a, confiabilidade e sigilo dos dados.<\/span><\/p>\n<p><span style=\"font-weight: 400;\">Estes c\u00f3digos s\u00e3o salvos em um banco de dados separado do restante das informa\u00e7\u00f5es, de modo que a biometria &#8211; um dado pessoal sens\u00edvel &#8211; segue inviolada, conforme preconiza a Lei Geral de Prote\u00e7\u00e3o de Dados (LGPD).<\/span><\/p>\n","protected":false},"excerpt":{"rendered":"<p>Considerado um marco decisivo na prote\u00e7\u00e3o de dados pessoais que trafegam nos ambientes virtuais, a Lei Geral de Prote\u00e7\u00e3o de Dados (LGPD) trouxe muitas d\u00favidas com rela\u00e7\u00e3o ao tratamento que receber\u00e3o nossas informa\u00e7\u00f5es privadas e individuais a partir de sua entrada em vigor. Neste post, falaremos mais sobre o que a lei prev\u00ea para a [&hellip;]<\/p>\n","protected":false},"author":10,"featured_media":862,"comment_status":"open","ping_status":"open","sticky":false,"template":"","format":"standard","meta":{"rank_math_lock_modified_date":false,"inline_featured_image":false,"footnotes":""},"categories":[1,121,68],"tags":[92,131,132],"class_list":["post-839","post","type-post","status-publish","format-standard","has-post-thumbnail","hentry","category-outros","category-biometria","category-controle-de-acesso","tag-biometria","tag-privacidade","tag-protecao-de-dados"],"_links":{"self":[{"href":"https:\/\/www.controlid.com.br\/blog\/wp-json\/wp\/v2\/posts\/839","targetHints":{"allow":["GET"]}}],"collection":[{"href":"https:\/\/www.controlid.com.br\/blog\/wp-json\/wp\/v2\/posts"}],"about":[{"href":"https:\/\/www.controlid.com.br\/blog\/wp-json\/wp\/v2\/types\/post"}],"author":[{"embeddable":true,"href":"https:\/\/www.controlid.com.br\/blog\/wp-json\/wp\/v2\/users\/10"}],"replies":[{"embeddable":true,"href":"https:\/\/www.controlid.com.br\/blog\/wp-json\/wp\/v2\/comments?post=839"}],"version-history":[{"count":4,"href":"https:\/\/www.controlid.com.br\/blog\/wp-json\/wp\/v2\/posts\/839\/revisions"}],"predecessor-version":[{"id":879,"href":"https:\/\/www.controlid.com.br\/blog\/wp-json\/wp\/v2\/posts\/839\/revisions\/879"}],"wp:featuredmedia":[{"embeddable":true,"href":"https:\/\/www.controlid.com.br\/blog\/wp-json\/wp\/v2\/media\/862"}],"wp:attachment":[{"href":"https:\/\/www.controlid.com.br\/blog\/wp-json\/wp\/v2\/media?parent=839"}],"wp:term":[{"taxonomy":"category","embeddable":true,"href":"https:\/\/www.controlid.com.br\/blog\/wp-json\/wp\/v2\/categories?post=839"},{"taxonomy":"post_tag","embeddable":true,"href":"https:\/\/www.controlid.com.br\/blog\/wp-json\/wp\/v2\/tags?post=839"}],"curies":[{"name":"wp","href":"https:\/\/api.w.org\/{rel}","templated":true}]}}