{"id":692,"date":"2020-05-20T17:04:42","date_gmt":"2020-05-20T20:04:42","guid":{"rendered":"https:\/\/www.controlid.com.br\/blog\/?p=692"},"modified":"2020-05-26T20:33:56","modified_gmt":"2020-05-26T23:33:56","slug":"recolhimento-fgts-pandemia","status":"publish","type":"post","link":"https:\/\/www.controlid.com.br\/blog\/rh\/recolhimento-fgts-pandemia\/","title":{"rendered":"O que muda no recolhimento do FGTS durante a pandemia?"},"content":{"rendered":"<p><span style=\"font-weight: 400;\">Como parte das medidas de conten\u00e7\u00e3o da crise econ\u00f4mica tomadas em decorr\u00eancia da pandemia de coronar\u00edvus, o governo federal autorizou o parcelamento do Fundo de Garantia por Tempo de Servi\u00e7o (FGTS).<\/span><\/p>\n<p><span style=\"font-weight: 400;\">O benef\u00edcio vale para todos os empregadores e empregadores dom\u00e9sticos, independentemente da quantidade de funcion\u00e1rios, do ramo de atividade, do regime de tributa\u00e7\u00e3o ou do porte da empresa.<\/span><\/p>\n<p><span style=\"font-weight: 400;\">Quem tem funcion\u00e1rios registrados sabe que, todos os meses, \u00e9 necess\u00e1rio recolher o FGTS de cada colaborador, depositando em uma conta da Caixa Econ\u00f4mica Federal (CEF) o correspondente a 8% do valor bruto do sal\u00e1rio.\u00a0<\/span><\/p>\n<h2><strong>Parcelamento do FGTS<\/strong><\/h2>\n<p><span style=\"font-weight: 400;\">Diante de um cen\u00e1rio de tamanha incerteza causada pela pandemia de coronav\u00edrus &#8211; por enquanto, <\/span><a href=\"https:\/\/valorinveste.globo.com\/mercados\/brasil-e-politica\/noticia\/2020\/03\/26\/coronavirus-pode-fazer-pib-do-brasil-encolher-ate-77percent-em-2020.ghtml\" rel=\"nofollow noopener\" target=\"_blank\"><span style=\"font-weight: 400;\">estima-se que o PIB brasileiro deva cair mais de 7% em 2020<\/span><\/a><span style=\"font-weight: 400;\"> &#8211; o parcelamento do FGTS foi permitido pelo governo. O benef\u00edcio \u00e9 regulamentado pela <\/span><a href=\"http:\/\/www.in.gov.br\/web\/dou\/-\/circular-n-897-de-24-de-marco-de-2020-250404127\" target=\"_blank\" rel=\"noopener\"><span style=\"font-weight: 400;\">circular 897<\/span><\/a><span style=\"font-weight: 400;\">, editada <\/span><span style=\"font-weight: 400;\">pela Caixa.<\/span><\/p>\n<p><span style=\"font-weight: 400;\">Os empregadores e empregadores dom\u00e9sticos que quiserem poder\u00e3o n\u00e3o pagar, neste momento, as parcelas de mar\u00e7o, abril e maio do fundo, que deveriam ser pagas, respectivamente, nos meses de abril, maio e junho. <\/span><\/p>\n<p><span style=\"font-weight: 400;\">O valor devido poder\u00e1 ser saldado em at\u00e9 seis parcelas a partir de julho.<\/span><\/p>\n<p><span style=\"font-weight: 400;\">No entanto, para aderir ao benef\u00edcio, n\u00e3o basta simplesmente n\u00e3o recolher o FGTS. Antes de suspender o repasse, o respons\u00e1vel deve declarar as informa\u00e7\u00f5es dos trabalhadores via Sefip, na modalidade \u201c1\u201d, at\u00e9 o dia 7 de cada m\u00eas.<\/span><\/p>\n<h3><strong>Os prazos para prestar as informa\u00e7\u00f5es s\u00e3o os seguintes:<\/strong><\/h3>\n<table dir=\"ltr\" border=\"1\" cellspacing=\"0\" cellpadding=\"0\">\n<colgroup>\n<col width=\"130\" \/>\n<col width=\"168\" \/><\/colgroup>\n<tbody>\n<tr>\n<td data-sheets-value=\"{&quot;1&quot;:2,&quot;2&quot;:&quot;Compet\u00eancia &quot;}\"><strong>Compet\u00eancia<\/strong><\/td>\n<td data-sheets-value=\"{&quot;1&quot;:2,&quot;2&quot;:&quot;Prazo&quot;}\"><strong>Prazo<\/strong><\/td>\n<\/tr>\n<tr>\n<td data-sheets-value=\"{&quot;1&quot;:3,&quot;3&quot;:43891}\" data-sheets-numberformat=\"{&quot;1&quot;:5,&quot;2&quot;:&quot;mmmm\/yyyy&quot;,&quot;3&quot;:1}\">mar\u00e7o\/2020<\/td>\n<td data-sheets-value=\"{&quot;1&quot;:2,&quot;2&quot;:&quot;at\u00e9 7 de abril de 2020&quot;}\">at\u00e9 7 de abril de 2020<\/td>\n<\/tr>\n<tr>\n<td data-sheets-value=\"{&quot;1&quot;:3,&quot;3&quot;:43922}\" data-sheets-numberformat=\"{&quot;1&quot;:5,&quot;2&quot;:&quot;mmmm\/yyyy&quot;,&quot;3&quot;:1}\">abril\/2020<\/td>\n<td data-sheets-value=\"{&quot;1&quot;:2,&quot;2&quot;:&quot;at\u00e9 7 de maio de 2020&quot;}\">at\u00e9 7 de maio de 2020<\/td>\n<\/tr>\n<tr>\n<td data-sheets-value=\"{&quot;1&quot;:3,&quot;3&quot;:43952}\" data-sheets-numberformat=\"{&quot;1&quot;:5,&quot;2&quot;:&quot;mmmm\/yyyy&quot;,&quot;3&quot;:1}\">maio\/2020<\/td>\n<td data-sheets-value=\"{&quot;1&quot;:2,&quot;2&quot;:&quot;at\u00e9 7 de junho de 2020&quot;}\">at\u00e9 7 de junho de 2020<\/td>\n<\/tr>\n<\/tbody>\n<\/table>\n<p><span style=\"font-weight: 400;\">J\u00e1 os empregadores dom\u00e9sticos devem declarar normalmente as informa\u00e7\u00f5es e gerar a guia DAE no eSocial.<\/span><\/p>\n<p><span style=\"font-weight: 400;\">Quem perder o prazo para declarar as compet\u00eancias tem at\u00e9 o dia 20 de junho para encaminhar todas as informa\u00e7\u00f5es via Sefip ou DAE.<\/span><\/p>\n<p><span style=\"font-weight: 400;\">As compet\u00eancias declaradas dentro deste per\u00edodo ser\u00e3o divididas em seis parcelas mensais, pagas entre os dias 7 de julho e 7 de dezembro, sem a incid\u00eancia de multas e encargos. <\/span><\/p>\n<p><span style=\"font-weight: 400;\">A Caixa ainda vai divulgar os procedimentos necess\u00e1rios para quita\u00e7\u00e3o das parcelas.<\/span><\/p>\n<p><span style=\"font-weight: 400;\">Outra novidade trazida pela circular \u00e9 que os Certificados de Regularidade do FGTS com vig\u00eancia em 22 de mar\u00e7o foram automaticamente prorrogados por 90 dias, sem a necessidade de pedido.<\/span><\/p>\n<h2><b>Aten\u00e7\u00e3o \u00e0s rescis\u00f5es<\/b><\/h2>\n<p><span style=\"font-weight: 400;\">Medidas provis\u00f3rias editadas no per\u00edodo de pandemia buscam evitar a perda de empregos, permitindo inclusive a suspens\u00e3o tempor\u00e1ria dos contratos de trabalho.<\/span><\/p>\n<p><span style=\"font-weight: 400;\">Mesmo assim, se a rescis\u00e3o for inevit\u00e1vel, \u00e9 bom observar que n\u00e3o houve mudan\u00e7as no pagamento das multas rescis\u00f3rias, que precisam ser recolhidas em favor do ex-colaborador em at\u00e9 10 dias ap\u00f3s a demiss\u00e3o.\u00a0<\/span><\/p>\n<p><span style=\"font-weight: 400;\">Neste caso, as compet\u00eancias suspensas e parceladas tamb\u00e9m precisam ser quitadas dentro deste prazo, sob pena de incid\u00eancia de multas e juros. Sendo assim, prevalece o que j\u00e1 disp\u00f5e a <\/span><a href=\"http:\/\/www.planalto.gov.br\/ccivil_03\/leis\/l8036consol.htm\" target=\"_blank\" rel=\"noopener\"><span style=\"font-weight: 400;\">lei 8.036\/1990<\/span><\/a><span style=\"font-weight: 400;\">.<\/span><\/p>\n<p>Gostou da mat\u00e9ria? Ent\u00e3o fique ligado em <a href=\"https:\/\/www.controlid.com.br\/blog\/\">nosso blog<\/a>, temos mat\u00e9rias di\u00e1rias para voc\u00ea ficar bem informado!<\/p>\n","protected":false},"excerpt":{"rendered":"<p>Como parte das medidas de conten\u00e7\u00e3o da crise econ\u00f4mica tomadas em decorr\u00eancia da pandemia de coronar\u00edvus, o governo federal autorizou o parcelamento do Fundo de Garantia por Tempo de Servi\u00e7o (FGTS). O benef\u00edcio vale para todos os empregadores e empregadores dom\u00e9sticos, independentemente da quantidade de funcion\u00e1rios, do ramo de atividade, do regime de tributa\u00e7\u00e3o ou [&hellip;]<\/p>\n","protected":false},"author":10,"featured_media":695,"comment_status":"open","ping_status":"open","sticky":false,"template":"","format":"standard","meta":{"rank_math_lock_modified_date":false,"inline_featured_image":false,"footnotes":""},"categories":[119],"tags":[85,96,95],"class_list":["post-692","post","type-post","status-publish","format-standard","has-post-thumbnail","hentry","category-rh","tag-covid-19","tag-fgts","tag-pandemia"],"_links":{"self":[{"href":"https:\/\/www.controlid.com.br\/blog\/wp-json\/wp\/v2\/posts\/692","targetHints":{"allow":["GET"]}}],"collection":[{"href":"https:\/\/www.controlid.com.br\/blog\/wp-json\/wp\/v2\/posts"}],"about":[{"href":"https:\/\/www.controlid.com.br\/blog\/wp-json\/wp\/v2\/types\/post"}],"author":[{"embeddable":true,"href":"https:\/\/www.controlid.com.br\/blog\/wp-json\/wp\/v2\/users\/10"}],"replies":[{"embeddable":true,"href":"https:\/\/www.controlid.com.br\/blog\/wp-json\/wp\/v2\/comments?post=692"}],"version-history":[{"count":8,"href":"https:\/\/www.controlid.com.br\/blog\/wp-json\/wp\/v2\/posts\/692\/revisions"}],"predecessor-version":[{"id":788,"href":"https:\/\/www.controlid.com.br\/blog\/wp-json\/wp\/v2\/posts\/692\/revisions\/788"}],"wp:featuredmedia":[{"embeddable":true,"href":"https:\/\/www.controlid.com.br\/blog\/wp-json\/wp\/v2\/media\/695"}],"wp:attachment":[{"href":"https:\/\/www.controlid.com.br\/blog\/wp-json\/wp\/v2\/media?parent=692"}],"wp:term":[{"taxonomy":"category","embeddable":true,"href":"https:\/\/www.controlid.com.br\/blog\/wp-json\/wp\/v2\/categories?post=692"},{"taxonomy":"post_tag","embeddable":true,"href":"https:\/\/www.controlid.com.br\/blog\/wp-json\/wp\/v2\/tags?post=692"}],"curies":[{"name":"wp","href":"https:\/\/api.w.org\/{rel}","templated":true}]}}