{"id":6126,"date":"2021-06-08T18:21:42","date_gmt":"2021-06-08T21:21:42","guid":{"rendered":"https:\/\/www.controlid.com.br\/blog\/?p=6126"},"modified":"2021-06-08T18:21:42","modified_gmt":"2021-06-08T21:21:42","slug":"controle-de-ferias-digital","status":"publish","type":"post","link":"https:\/\/www.controlid.com.br\/blog\/rh\/controle-de-ferias-digital\/","title":{"rendered":"O que \u00e9 e como funciona o controle de f\u00e9rias digital"},"content":{"rendered":"<p><span style=\"font-weight: 400;\">A automa\u00e7\u00e3o de procedimentos comuns \u00e0 rotina do <a href=\"https:\/\/www.metadados.com.br\/blog\/recursos-humanos\/?keyword=o%20que%20%C3%A9%20rh&amp;gclid=CjwKCAjwqvyFBhB7EiwAER786earzL5EykBpTIcpeR4DYYP_5oGwWYnamoSXLDEwYCpbhVzkU1gqohoCW7IQAvD_BwE\" target=\"_blank\" rel=\"nofollow noopener\">RH<\/a> \u00e9 uma realidade. <\/span><\/p>\n<p><span style=\"font-weight: 400;\">Empresas cada vez mais t\u00eam percebido que \u00e9 poss\u00edvel melhorar a qualidade de alguns processos delegando tarefas muito mec\u00e2nicas a softwares espec\u00edficos, destinando o capital humano para fun\u00e7\u00f5es de criatividade e inova\u00e7\u00e3o.<\/span><\/p>\n<p><span style=\"font-weight: 400;\">O RH \u00e9 fortemente impactado por esta tend\u00eancia, porque perde muito tempo fazendo atividades e c\u00e1lculos muito repetitivos. <\/span><\/p>\n<p><span style=\"font-weight: 400;\">Ao passo que s\u00e3o muito importantes &#8211; um erro pode culminar em uma a\u00e7\u00e3o trabalhista, por exemplo &#8211; essas a\u00e7\u00f5es s\u00e3o superficiais do ponto de vista da energia que precisa ser despendida para execut\u00e1-las.<\/span><\/p>\n<p><span style=\"font-weight: 400;\">Nesse quesito, o <strong>controle de f\u00e9rias digital<\/strong> \u00e9 um sistema que tende a revolucionar uma etapa considerada muito burocr\u00e1tica da rotina do RH.<\/span><\/p>\n<p><img loading=\"lazy\" decoding=\"async\" class=\"alignnone wp-image-6128 size-full\" title=\"controle de f\u00e9rias\" src=\"https:\/\/www.controlid.com.br\/blog\/wp-content\/uploads\/2021\/06\/controle_de_ferias_digital.jpg\" alt=\"O que \u00e9 controle de f\u00e9rias?\" width=\"700\" height=\"300\" srcset=\"https:\/\/www.controlid.com.br\/blog\/wp-content\/uploads\/2021\/06\/controle_de_ferias_digital.jpg 700w, https:\/\/www.controlid.com.br\/blog\/wp-content\/uploads\/2021\/06\/controle_de_ferias_digital-250x107.jpg 250w, https:\/\/www.controlid.com.br\/blog\/wp-content\/uploads\/2021\/06\/controle_de_ferias_digital-150x64.jpg 150w\" sizes=\"auto, (max-width: 700px) 100vw, 700px\" \/><\/p>\n<p><span style=\"font-weight: 400;\">Antes de falar sobre como o controle de f\u00e9rias funciona no ambiente digital, vamos lembrar um pouco sobre como isso acontecia at\u00e9 hoje, no \u201cmundo anal\u00f3gico\u201d.<\/span><\/p>\n<p><span style=\"font-weight: 400;\">Quando um funcion\u00e1rio entrava em uma empresa, uma data era considerada crucial: o dia de admiss\u00e3o.<\/span><\/p>\n<p><span style=\"font-weight: 400;\">\u00c9 esta data que ser\u00e1 registrada em carteira e que vai acompanhar o colaborador durante toda sua vida na empresa.<\/span><\/p>\n<p><span style=\"font-weight: 400;\">Passados exatos 12 meses da admiss\u00e3o, <\/span><a href=\"https:\/\/www.controlid.com.br\/calculo-de-ferias\/\" target=\"_blank\" rel=\"noopener\"><span style=\"font-weight: 400;\">a empresa est\u00e1 obrigada a conceder 30 dias de f\u00e9rias para o trabalhador<\/span><\/a><span style=\"font-weight: 400;\">.<\/span><\/p>\n<p><span style=\"font-weight: 400;\">Para tanto, tem mais 12 meses para cumprir essa obriga\u00e7\u00e3o.<\/span><\/p>\n<p><span style=\"font-weight: 400;\">Parece muito simples, mas as empresas n\u00e3o possuem apenas um funcion\u00e1rio e muito menos contrataram todos no mesmo dia.<\/span><\/p>\n<p><span style=\"font-weight: 400;\">Por isso, a concess\u00e3o de f\u00e9rias costuma ser um novelo de informa\u00e7\u00f5es nos computadores do RH, com sistemas arcaicos de alertas ou com depend\u00eancia extrema de que os pr\u00f3prios departamentos avisem sobre o cronograma de cada profissional.<\/span><\/p>\n<p><span style=\"font-weight: 400;\">O RH acaba tendo pouca gest\u00e3o sobre esse tema e, pior, abre uma margem enorme de chances de erros neste t\u00f3pico t\u00e3o delicado.<\/span><\/p>\n<p><span style=\"font-weight: 400;\">O resultado?<\/span><\/p>\n<p><span style=\"font-weight: 400;\">A empresa acaba avisando o trabalhador muito em cima da hora sobre suas f\u00e9rias, criando constrangimentos e mal-estar no ambiente da firma.<\/span><\/p>\n<p><span style=\"font-weight: 400;\"><br \/>\n<\/span><span style=\"font-weight: 400;\">Embora caiba ao empregador determinar o per\u00edodo de descanso de cada colaborador, \u00e9 desej\u00e1vel que esse per\u00edodo seja negociado o tanto quanto poss\u00edvel, para que o funcion\u00e1rio tire seu per\u00edodo de descanso em uma \u00e9poca desejada.<\/span><\/p>\n<p><span style=\"font-weight: 400;\"><br \/>\n<\/span><span style=\"font-weight: 400;\">E as complica\u00e7\u00f5es n\u00e3o param por a\u00ed!<\/span><\/p>\n<p><span style=\"font-weight: 400;\">De um ano para o outro, as categorias profissionais percebem mudan\u00e7as salariais &#8211; normalmente reajustes ditados pela infla\u00e7\u00e3o.<\/span><\/p>\n<p><img loading=\"lazy\" decoding=\"async\" class=\"alignnone wp-image-6130 size-full\" title=\"controle de f\u00e9rias\" src=\"https:\/\/www.controlid.com.br\/blog\/wp-content\/uploads\/2021\/06\/controle_de_ferias_dinheiro.jpg\" alt=\"Controle de f\u00e9rias e reajuste salarial: qual a rela\u00e7\u00e3o?\" width=\"700\" height=\"300\" srcset=\"https:\/\/www.controlid.com.br\/blog\/wp-content\/uploads\/2021\/06\/controle_de_ferias_dinheiro.jpg 700w, https:\/\/www.controlid.com.br\/blog\/wp-content\/uploads\/2021\/06\/controle_de_ferias_dinheiro-250x107.jpg 250w, https:\/\/www.controlid.com.br\/blog\/wp-content\/uploads\/2021\/06\/controle_de_ferias_dinheiro-150x64.jpg 150w\" sizes=\"auto, (max-width: 700px) 100vw, 700px\" \/><\/p>\n<p><span style=\"font-weight: 400;\">Esse percentual vai compor as f\u00e9rias dos trabalhadores e todos os benef\u00edcios proporcionais a que eles t\u00eam direito.<\/span><\/p>\n<p><span style=\"font-weight: 400;\">Fazer isso manualmente j\u00e1 \u00e9 coisa do passado.<\/span><\/p>\n<p><span style=\"font-weight: 400;\">Por isso, o controle de f\u00e9rias digital \u00e9 um aliado t\u00e3o importante.<\/span><\/p>\n<p><span style=\"font-weight: 400;\">Por meio de um software espec\u00edfico, cada profissional ocupa um arquivo com as informa\u00e7\u00f5es mais relevantes: nome completo, cargo, fun\u00e7\u00e3o, hor\u00e1rio de trabalho e, principalmente, data de admiss\u00e3o.<\/span><\/p>\n<p><span style=\"font-weight: 400;\">\u00c9 poss\u00edvel programar avisos e alertas regressivos avisando, por exemplo, sobre as datas em que as f\u00e9rias vencem.<\/span><\/p>\n<p><span style=\"font-weight: 400;\">Ao perceber um reajuste salarial, \u00e9 s\u00f3 incorporar o novo valor na planilha e\u2026 Pronto! O novo per\u00edodo de descanso j\u00e1 ser\u00e1 lan\u00e7ado no percentual atualizado.<\/span><\/p>\n<p><span style=\"font-weight: 400;\">Quando a empresa define o per\u00edodo de f\u00e9rias, em comum acordo ou n\u00e3o com seu funcion\u00e1rio, o software j\u00e1 lan\u00e7a o aviso pr\u00e9vio de f\u00e9rias, que precisa ser entregue com 30 dias de anteced\u00eancia.<\/span><\/p>\n<p><span style=\"font-weight: 400;\">Caso o trabalhador seja demitido ou pe\u00e7a demiss\u00e3o, o software faz o c\u00e1lculo das f\u00e9rias remanescentes e incorpora o valor proporcional aos c\u00e1lculos rescis\u00f3rios.\u00a0<\/span><\/p>\n<h2><strong>S\u00e3o muitas as vantagens do controle de f\u00e9rias digital &#8211; eis um resumo:<\/strong><\/h2>\n<ul>\n<li style=\"font-weight: 400;\" aria-level=\"1\"><span style=\"font-weight: 400;\">Incorpora\u00e7\u00e3o de todos os profissionais da firma, independentemente do porte da empresa, com as respectivas datas de admiss\u00e3o;<\/span><\/li>\n<li style=\"font-weight: 400;\" aria-level=\"1\"><span style=\"font-weight: 400;\">Planejamento, c\u00e1lculo e sincronia entre datas mais requisitadas e setores que n\u00e3o podem ficar desguarnecidos;<\/span><\/li>\n<li style=\"font-weight: 400;\" aria-level=\"1\"><span style=\"font-weight: 400;\">Sistemas de alerta de proximidade de f\u00e9rias;<\/span><\/li>\n<li style=\"font-weight: 400;\" aria-level=\"1\"><span style=\"font-weight: 400;\">Incorpora\u00e7\u00e3o de novos valores salariais;<\/span><\/li>\n<li style=\"font-weight: 400;\" aria-level=\"1\"><span style=\"font-weight: 400;\">C\u00e1lculo autom\u00e1tico para fins rescis\u00f3rios.<\/span><\/li>\n<\/ul>\n<p><img loading=\"lazy\" decoding=\"async\" class=\"alignnone wp-image-6129 size-full\" title=\"controle de f\u00e9rias\" src=\"https:\/\/www.controlid.com.br\/blog\/wp-content\/uploads\/2021\/06\/controle_de_ferias_calculos.jpg\" alt=\"C\u00e1lculos do controle de f\u00e9rias: como funcionam?\" width=\"700\" height=\"300\" srcset=\"https:\/\/www.controlid.com.br\/blog\/wp-content\/uploads\/2021\/06\/controle_de_ferias_calculos.jpg 700w, https:\/\/www.controlid.com.br\/blog\/wp-content\/uploads\/2021\/06\/controle_de_ferias_calculos-250x107.jpg 250w, https:\/\/www.controlid.com.br\/blog\/wp-content\/uploads\/2021\/06\/controle_de_ferias_calculos-150x64.jpg 150w\" sizes=\"auto, (max-width: 700px) 100vw, 700px\" \/><\/p>\n<p><span style=\"font-weight: 400;\">Como se denota, o controle de f\u00e9rias digital \u00e9 uma tend\u00eancia que veio para ficar, livrando o RH de uma tarefa muito minuciosa mas pouco criativa.<\/span><\/p>\n<p><span style=\"font-weight: 400;\">Aqui no blog da Control iD, voc\u00ea acompanha as novidades nas rela\u00e7\u00f5es do trabalho, com foco nos dispositivos e aplicativos que facilitam a vida das empresas.<\/span><\/p>\n<p><span style=\"font-weight: 400;\">Por falar nisso, voc\u00ea conhece o <\/span><a href=\"https:\/\/www.controlid.com.br\/relogio-de-ponto\/software-apuracao-de-ponto\/\" target=\"_blank\" rel=\"noopener\"><span style=\"font-weight: 400;\">RHiD<\/span><\/a><span style=\"font-weight: 400;\">?<\/span><\/p>\n<p><span style=\"font-weight: 400;\">O software de apura\u00e7\u00e3o de ponto da Control ID faz a apura\u00e7\u00e3o dos dados gerados nos <\/span><a href=\"https:\/\/www.controlid.com.br\/relogio-de-ponto\/\" target=\"_blank\" rel=\"noopener\"><span style=\"font-weight: 400;\">rel\u00f3gios eletr\u00f4nicos<\/span><\/a><span style=\"font-weight: 400;\">, mas tamb\u00e9m possui um m\u00f3dulo mobile para a marca\u00e7\u00e3o dos profissionais em home office. Conhe\u00e7a melhor <\/span><a href=\"https:\/\/www.controlid.com.br\/relogio-de-ponto\/software-apuracao-de-ponto\/\" target=\"_blank\" rel=\"noopener\"><span style=\"font-weight: 400;\">aqui<\/span><\/a><span style=\"font-weight: 400;\">.<\/span><\/p>\n","protected":false},"excerpt":{"rendered":"<p>A automa\u00e7\u00e3o de procedimentos comuns \u00e0 rotina do RH \u00e9 uma realidade. Empresas cada vez mais t\u00eam percebido que \u00e9 poss\u00edvel melhorar a qualidade de alguns processos delegando tarefas muito mec\u00e2nicas a softwares espec\u00edficos, destinando o capital humano para fun\u00e7\u00f5es de criatividade e inova\u00e7\u00e3o. O RH \u00e9 fortemente impactado por esta tend\u00eancia, porque perde muito [&hellip;]<\/p>\n","protected":false},"author":14,"featured_media":6127,"comment_status":"open","ping_status":"open","sticky":false,"template":"","format":"standard","meta":{"rank_math_lock_modified_date":false,"inline_featured_image":false,"footnotes":""},"categories":[119,66],"tags":[244,208,186,135,231,188,190],"class_list":["post-6126","post","type-post","status-publish","format-standard","has-post-thumbnail","hentry","category-rh","category-relogio-de-ponto","tag-control-id","tag-empresas","tag-recursos-humanos","tag-rh","tag-software","tag-tecnologia","tag-trabalho"],"_links":{"self":[{"href":"https:\/\/www.controlid.com.br\/blog\/wp-json\/wp\/v2\/posts\/6126","targetHints":{"allow":["GET"]}}],"collection":[{"href":"https:\/\/www.controlid.com.br\/blog\/wp-json\/wp\/v2\/posts"}],"about":[{"href":"https:\/\/www.controlid.com.br\/blog\/wp-json\/wp\/v2\/types\/post"}],"author":[{"embeddable":true,"href":"https:\/\/www.controlid.com.br\/blog\/wp-json\/wp\/v2\/users\/14"}],"replies":[{"embeddable":true,"href":"https:\/\/www.controlid.com.br\/blog\/wp-json\/wp\/v2\/comments?post=6126"}],"version-history":[{"count":3,"href":"https:\/\/www.controlid.com.br\/blog\/wp-json\/wp\/v2\/posts\/6126\/revisions"}],"predecessor-version":[{"id":6133,"href":"https:\/\/www.controlid.com.br\/blog\/wp-json\/wp\/v2\/posts\/6126\/revisions\/6133"}],"wp:featuredmedia":[{"embeddable":true,"href":"https:\/\/www.controlid.com.br\/blog\/wp-json\/wp\/v2\/media\/6127"}],"wp:attachment":[{"href":"https:\/\/www.controlid.com.br\/blog\/wp-json\/wp\/v2\/media?parent=6126"}],"wp:term":[{"taxonomy":"category","embeddable":true,"href":"https:\/\/www.controlid.com.br\/blog\/wp-json\/wp\/v2\/categories?post=6126"},{"taxonomy":"post_tag","embeddable":true,"href":"https:\/\/www.controlid.com.br\/blog\/wp-json\/wp\/v2\/tags?post=6126"}],"curies":[{"name":"wp","href":"https:\/\/api.w.org\/{rel}","templated":true}]}}