{"id":5791,"date":"2021-04-09T16:50:39","date_gmt":"2021-04-09T19:50:39","guid":{"rendered":"https:\/\/www.controlid.com.br\/blog\/?p=5791"},"modified":"2021-04-09T16:50:39","modified_gmt":"2021-04-09T19:50:39","slug":"erros-comuns-fechamento-de-ponto","status":"publish","type":"post","link":"https:\/\/www.controlid.com.br\/blog\/rh\/erros-comuns-fechamento-de-ponto\/","title":{"rendered":"Veja os erros mais comuns no fechamento de ponto e como evit\u00e1-los"},"content":{"rendered":"<p><span style=\"font-weight: 400;\">O fechamento de ponto \u00e9 um momento muito importante na rotina do Departamento Pessoal, pois \u00e9 a partir dele que se prepara o lan\u00e7amento da folha de pagamento dos funcion\u00e1rios. <\/span><\/p>\n<p><span style=\"font-weight: 400;\">Um erro nesse est\u00e1gio pode provocar transtornos na rela\u00e7\u00e3o com o colaborador e at\u00e9 processos trabalhistas.\u00a0<\/span><\/p>\n<p><img loading=\"lazy\" decoding=\"async\" class=\"aligncenter size-full wp-image-5792\" src=\"https:\/\/www.controlid.com.br\/blog\/wp-content\/uploads\/2021\/04\/fechamento_de_ponto_erros.jpg\" alt=\"Fechamento de ponto: L\u00e1pis tra\u00e7ando linha.\" width=\"700\" height=\"300\" title=\"\" srcset=\"https:\/\/www.controlid.com.br\/blog\/wp-content\/uploads\/2021\/04\/fechamento_de_ponto_erros.jpg 700w, https:\/\/www.controlid.com.br\/blog\/wp-content\/uploads\/2021\/04\/fechamento_de_ponto_erros-250x107.jpg 250w, https:\/\/www.controlid.com.br\/blog\/wp-content\/uploads\/2021\/04\/fechamento_de_ponto_erros-150x64.jpg 150w\" sizes=\"auto, (max-width: 700px) 100vw, 700px\" \/><\/p>\n<p><span style=\"font-weight: 400;\">Por isso, \u00e9 importante conhecer as principais falhas e saber como evit\u00e1-las.<\/span><\/p>\n<p><span style=\"font-weight: 400;\">Vamos ver as falhas mais corriqueiras?<\/span><\/p>\n<h2><b>Falhas dos funcion\u00e1rios<\/b><\/h2>\n<h3><b>Esquecer-se de passar o ponto na entrada ou na sa\u00edda<\/b><\/h3>\n<p><span style=\"font-weight: 400;\">Esse deslize \u00e9 muito comum, sobretudo entre os funcion\u00e1rios novos.\u00a0<\/span><\/p>\n<p><span style=\"font-weight: 400;\">N\u00e3o \u00e9 preciso repreender o colaborador, a menos que a pr\u00e1tica se torne frequente.<\/span><\/p>\n<p><span style=\"font-weight: 400;\">Basta que ele avise no Departamento Pessoal que se esqueceu de passar o ponto daquele hor\u00e1rio, de prefer\u00eancia por meio de um Comunicado Interno (CI). Com esse documento em m\u00e3os, a empresa tem condi\u00e7\u00f5es de incorporar a marca\u00e7\u00e3o manualmente.<\/span><\/p>\n<h3><b>Passar o ponto duas vezes seguidas<\/b><\/h3>\n<p><img loading=\"lazy\" decoding=\"async\" class=\"aligncenter size-full wp-image-5793\" src=\"https:\/\/www.controlid.com.br\/blog\/wp-content\/uploads\/2021\/04\/fechamento_de_ponto_duplicidade.jpg\" alt=\"Fechamento de ponto: Funcion\u00e1rio batendo ponto por meio de biometria.\" width=\"700\" height=\"300\" title=\"\" srcset=\"https:\/\/www.controlid.com.br\/blog\/wp-content\/uploads\/2021\/04\/fechamento_de_ponto_duplicidade.jpg 700w, https:\/\/www.controlid.com.br\/blog\/wp-content\/uploads\/2021\/04\/fechamento_de_ponto_duplicidade-250x107.jpg 250w, https:\/\/www.controlid.com.br\/blog\/wp-content\/uploads\/2021\/04\/fechamento_de_ponto_duplicidade-150x64.jpg 150w\" sizes=\"auto, (max-width: 700px) 100vw, 700px\" \/><\/p>\n<p><span style=\"font-weight: 400;\">Por falha na leitura da impress\u00e3o digital ou falta de papel na bobina, alguns colaboradores t\u00eam receio de n\u00e3o ter passado o ponto e acabam passando duas vezes.<\/span><\/p>\n<p><span style=\"font-weight: 400;\">Tamb\u00e9m n\u00e3o h\u00e1 problema nisso, desde que a falha n\u00e3o seja recorrente.\u00a0<\/span><\/p>\n<p><span style=\"font-weight: 400;\">O Departamento Pessoal consegue perfeitamente anular uma das marca\u00e7\u00f5es, com o consentimento do profissional, mantendo a marca\u00e7\u00e3o que foi feita primeiro.<\/span><\/p>\n<h3><b>Passar o ponto por outra pessoa<\/b><\/h3>\n<p><span style=\"font-weight: 400;\">Eis uma falta grave, que \u00e9 motivo inclusive para demiss\u00e3o por justa causa para os dois envolvidos: o trabalhador que deixou de passar o ponto e aquele que se fez passar pelo colega.<\/span><\/p>\n<p><span style=\"font-weight: 400;\">Para evitar esse problema, \u00e9 preciso contar com rel\u00f3gios de ponto que possuem diversas formas de identifica\u00e7\u00e3o \u00fanicas e irrepet\u00edveis, como impress\u00f5es digitais, reconhecimento facial e senhas.<\/span><\/p>\n<h2><b>Falhas da empresa no fechamento de ponto<\/b><\/h2>\n<h3><b>N\u00e3o considerar horas extras que foram trabalhadas<\/b><\/h3>\n<p><span style=\"font-weight: 400;\">Esse erro deixa o colaborador muito irritado e enseja a\u00e7\u00f5es trabalhistas. No Brasil, diverg\u00eancias sobre horas extras s\u00e3o o maior motivo de processos na Justi\u00e7a do Trabalho.<\/span><\/p>\n<p><span style=\"font-weight: 400;\">Um <\/span><a href=\"https:\/\/www.controlid.com.br\/relogio-de-ponto\/\"><span style=\"font-weight: 400;\">rel\u00f3gio eletr\u00f4nico de ponto eficiente<\/span><\/a><span style=\"font-weight: 400;\">, aliado a um software de apura\u00e7\u00e3o de ponto completo, evita esse problema. Basta que o trabalhador tenha feito a marca\u00e7\u00e3o no rel\u00f3gio de maneira adequada que os dados ser\u00e3o consolidados de maneira autom\u00e1tica no programa de apura\u00e7\u00e3o.<\/span><\/p>\n<h3><b>N\u00e3o registrar as faltas<\/b><\/h3>\n<p><span style=\"font-weight: 400;\">O profissional que falta a um dia de trabalho sem apresentar justificativa plaus\u00edvel perde o direito ao Descanso Semanal Remunerado (DSR) e at\u00e9 a dias de f\u00e9rias no per\u00edodo aquisitivo, dependendo da quantidade de aus\u00eancias. <\/span><\/p>\n<p><span style=\"font-weight: 400;\">Por isso, \u00e9 necess\u00e1rio que a apura\u00e7\u00e3o de ponto considere essas faltas.<\/span><\/p>\n<h3><b>Perder os dados<\/b><\/h3>\n<p><img loading=\"lazy\" decoding=\"async\" class=\"aligncenter size-full wp-image-5794\" src=\"https:\/\/www.controlid.com.br\/blog\/wp-content\/uploads\/2021\/04\/fechamento_de_ponto_perder_dados.jpg\" alt=\"Fechamento de ponto: Homem de neg\u00f3cios com express\u00e3o de preocupado em frente \u00e0 telas de computador.\" width=\"700\" height=\"300\" title=\"\" srcset=\"https:\/\/www.controlid.com.br\/blog\/wp-content\/uploads\/2021\/04\/fechamento_de_ponto_perder_dados.jpg 700w, https:\/\/www.controlid.com.br\/blog\/wp-content\/uploads\/2021\/04\/fechamento_de_ponto_perder_dados-250x107.jpg 250w, https:\/\/www.controlid.com.br\/blog\/wp-content\/uploads\/2021\/04\/fechamento_de_ponto_perder_dados-150x64.jpg 150w\" sizes=\"auto, (max-width: 700px) 100vw, 700px\" \/><\/p>\n<p><span style=\"font-weight: 400;\">Essa talvez seja uma das faltas mais graves que o Departamento Pessoal pode cometer. Por isso, \u00e9 preciso tomar algumas precau\u00e7\u00f5es.<\/span><\/p>\n<p><span style=\"font-weight: 400;\">Uma delas \u00e9 contar com um rel\u00f3gio eletr\u00f4nico de ponto que possua mem\u00f3ria interna de alta performance, conforme recomenda a <\/span><a href=\"https:\/\/www.trt2.jus.br\/geral\/tribunal2\/ORGAOS\/MTE\/Portaria\/P1510_09.html\" target=\"_blank\" rel=\"noopener\"><span style=\"font-weight: 400;\">portaria 1510\/2009<\/span><\/a><span style=\"font-weight: 400;\">, do antigo Minist\u00e9rio do Trabalho e Emprego.<\/span><\/p>\n<p><span style=\"font-weight: 400;\">A outra \u00e9 dispor de um software de apura\u00e7\u00e3o de ponto que dispense a mem\u00f3ria nas m\u00e1quinas da empresa e lance as informa\u00e7\u00f5es em nuvem, a partir da qual os dados poder\u00e3o ser acessados em qualquer lugar de maneira segura.<\/span><\/p>\n<p><span style=\"font-weight: 400;\">A Control iD tem as duas solu\u00e7\u00f5es para minimizar os erros no fechamento de ponto. De um lado, os rel\u00f3gios eletr\u00f4nicos de ponto s\u00e3o homologados pelo MTE certificados pelo Inmetro, garantindo todas as regras e normas t\u00e9cnicas previstas na legisla\u00e7\u00e3o. <\/span><\/p>\n<p><span style=\"font-weight: 400;\">Os equipamentos disp\u00f5em ainda de v\u00e1rias formas de identifica\u00e7\u00e3o, como <\/span><a href=\"https:\/\/www.controlid.com.br\/relogio-de-ponto\/biometrico\/\"><span style=\"font-weight: 400;\">biometria<\/span><\/a><span style=\"font-weight: 400;\">, senhas e <\/span><a href=\"https:\/\/www.controlid.com.br\/relogio-de-ponto\/proximidade\/\"><span style=\"font-weight: 400;\">cart\u00f5es de proximidade<\/span><\/a><span style=\"font-weight: 400;\"> e com <\/span><a href=\"https:\/\/www.controlid.com.br\/relogio-de-ponto\/codigo-de-barras\/\"><span style=\"font-weight: 400;\">c\u00f3digos de barras<\/span><\/a><span style=\"font-weight: 400;\">. Todos os dispositivos emitem comprovantes, conforme preconiza a legisla\u00e7\u00e3o.<\/span><\/p>\n<p><span style=\"font-weight: 400;\">De outro, o software <\/span><a href=\"https:\/\/www.controlid.com.br\/relogio-de-ponto\/software-apuracao-de-ponto\/\"><span style=\"font-weight: 400;\">RHiD <\/span><\/a><span style=\"font-weight: 400;\">permite a programa\u00e7\u00e3o de jornadas complexas e a marca\u00e7\u00e3o remota de ponto, por meio do m\u00f3dulo de ponto mobile.<\/span><\/p>\n<p><span style=\"font-weight: 400;\">Conhe\u00e7a as solu\u00e7\u00f5es <\/span><a href=\"https:\/\/www.controlid.com.br\/relogio-de-ponto\/software-apuracao-de-ponto\/\"><span style=\"font-weight: 400;\">aqui <\/span><\/a><span style=\"font-weight: 400;\">e fa\u00e7a uma cota\u00e7\u00e3o.<\/span><\/p>\n<p>&nbsp;<\/p>\n","protected":false},"excerpt":{"rendered":"<p>O fechamento de ponto \u00e9 um momento muito importante na rotina do Departamento Pessoal, pois \u00e9 a partir dele que se prepara o lan\u00e7amento da folha de pagamento dos funcion\u00e1rios. Um erro nesse est\u00e1gio pode provocar transtornos na rela\u00e7\u00e3o com o colaborador e at\u00e9 processos trabalhistas.\u00a0 Por isso, \u00e9 importante conhecer as principais falhas e [&hellip;]<\/p>\n","protected":false},"author":13,"featured_media":5795,"comment_status":"open","ping_status":"open","sticky":false,"template":"","format":"standard","meta":{"rank_math_lock_modified_date":false,"inline_featured_image":false,"footnotes":""},"categories":[119,66],"tags":[81,98,134,186,248,135,231],"class_list":["post-5791","post","type-post","status-publish","format-standard","has-post-thumbnail","hentry","category-rh","category-relogio-de-ponto","tag-controle-de-jornada","tag-controle-de-ponto","tag-jornada-de-trabalho","tag-recursos-humanos","tag-registro-de-ponto","tag-rh","tag-software"],"_links":{"self":[{"href":"https:\/\/www.controlid.com.br\/blog\/wp-json\/wp\/v2\/posts\/5791","targetHints":{"allow":["GET"]}}],"collection":[{"href":"https:\/\/www.controlid.com.br\/blog\/wp-json\/wp\/v2\/posts"}],"about":[{"href":"https:\/\/www.controlid.com.br\/blog\/wp-json\/wp\/v2\/types\/post"}],"author":[{"embeddable":true,"href":"https:\/\/www.controlid.com.br\/blog\/wp-json\/wp\/v2\/users\/13"}],"replies":[{"embeddable":true,"href":"https:\/\/www.controlid.com.br\/blog\/wp-json\/wp\/v2\/comments?post=5791"}],"version-history":[{"count":2,"href":"https:\/\/www.controlid.com.br\/blog\/wp-json\/wp\/v2\/posts\/5791\/revisions"}],"predecessor-version":[{"id":5797,"href":"https:\/\/www.controlid.com.br\/blog\/wp-json\/wp\/v2\/posts\/5791\/revisions\/5797"}],"wp:featuredmedia":[{"embeddable":true,"href":"https:\/\/www.controlid.com.br\/blog\/wp-json\/wp\/v2\/media\/5795"}],"wp:attachment":[{"href":"https:\/\/www.controlid.com.br\/blog\/wp-json\/wp\/v2\/media?parent=5791"}],"wp:term":[{"taxonomy":"category","embeddable":true,"href":"https:\/\/www.controlid.com.br\/blog\/wp-json\/wp\/v2\/categories?post=5791"},{"taxonomy":"post_tag","embeddable":true,"href":"https:\/\/www.controlid.com.br\/blog\/wp-json\/wp\/v2\/tags?post=5791"}],"curies":[{"name":"wp","href":"https:\/\/api.w.org\/{rel}","templated":true}]}}