{"id":5452,"date":"2021-02-11T14:42:43","date_gmt":"2021-02-11T17:42:43","guid":{"rendered":"https:\/\/www.controlid.com.br\/blog\/?p=5452"},"modified":"2021-02-11T14:42:43","modified_gmt":"2021-02-11T17:42:43","slug":"leis-trabalhistas-carnaval","status":"publish","type":"post","link":"https:\/\/www.controlid.com.br\/blog\/rh\/leis-trabalhistas-carnaval\/","title":{"rendered":"Leis trabalhistas no carnaval: o que muda?"},"content":{"rendered":"<p><span style=\"font-weight: 400;\">O carnaval est\u00e1 chegando e com ele muita gente faz planos para os quatro dias de folga. No entanto, o carnaval n\u00e3o \u00e9 um feriado nacional &#8211; nem mesmo a ter\u00e7a-feira ou a Quarta-Feira de Cinzas. Por isso, tecnicamente, estes podem sim ser dias de trabalho normal.<\/span><\/p>\n<p><span style=\"font-weight: 400;\">O que acontece \u00e9 que, por se tratar de uma festa popular que mobiliza milh\u00f5es de brasileiros, muitas empresas acabam liberando os profissionais do trabalho nestas datas.<\/span><\/p>\n<p><img loading=\"lazy\" decoding=\"async\" class=\" wp-image-5455 alignleft\" src=\"https:\/\/www.controlid.com.br\/blog\/wp-content\/uploads\/2021\/02\/carnaval-lei-de-trabalho-250x107.png\" alt=\"feriado de carnaval e o trabalho\" width=\"372\" height=\"159\" title=\"\" srcset=\"https:\/\/www.controlid.com.br\/blog\/wp-content\/uploads\/2021\/02\/carnaval-lei-de-trabalho-250x107.png 250w, https:\/\/www.controlid.com.br\/blog\/wp-content\/uploads\/2021\/02\/carnaval-lei-de-trabalho-150x64.png 150w, https:\/\/www.controlid.com.br\/blog\/wp-content\/uploads\/2021\/02\/carnaval-lei-de-trabalho.png 700w\" sizes=\"auto, (max-width: 372px) 100vw, 372px\" \/><\/p>\n<p><span style=\"font-weight: 400;\">Em alguns estados e munic\u00edpios, por sua vez, a data \u00e9 sim considerada um feriado.<\/span><\/p>\n<p><span style=\"font-weight: 400;\">E, por fim, por causa da pandemia de coronav\u00edrus, isso pode mudar no ano de 2021.<\/span><\/p>\n<p><span style=\"font-weight: 400;\">Achou confuso?<\/span><\/p>\n<p><span style=\"font-weight: 400;\">Ent\u00e3o, vamos por partes\u2026<\/span><\/p>\n<h2><b>Carnaval \u00e9 ponto facultativo<\/b><\/h2>\n<p><span style=\"font-weight: 400;\">Como n\u00e3o se trata de um feriado nacional, o carnaval \u00e9 um ponto facultativo, cabendo ao setor privado e \u00e0s reparti\u00e7\u00f5es p\u00fablicas determinar se haver\u00e1 ou n\u00e3o expediente.<\/span><span style=\"font-weight: 400;\"><br \/>\n<\/span><span style=\"font-weight: 400;\">Caso haja trabalho normal na ter\u00e7a-feira, por exemplo, os profissionais n\u00e3o s\u00e3o remunerados a mais por isso.<\/span><\/p>\n<p><span style=\"font-weight: 400;\">No entanto, se houver jornada no domingo &#8211; a\u00ed sim, os trabalhadores ganham 100% da hora trabalhada: n\u00e3o pelo carnaval, mas sim pelo domingo.<\/span><\/p>\n<h2><b>E se a empresa decide liberar?<\/b><\/h2>\n<p><span style=\"font-weight: 400;\">Como mencionamos, muitas empresas liberam seus trabalhadores por conta da popularidade do carnaval.<\/span><\/p>\n<p><span style=\"font-weight: 400;\">Algumas fazem isso sem qualquer compensa\u00e7\u00e3o: uma liberalidade da empresa, que se programa ao longo do ano para dar dois dias e meio de folga (segunda, ter\u00e7a e quarta at\u00e9 o meio-dia). Outras conseguem conceder somente a ter\u00e7a.<\/span><\/p>\n<p><span style=\"font-weight: 400;\">Caso a empresa decida fazer algum tipo de compensa\u00e7\u00e3o, pode adotar os seguintes procedimentos:<\/span><\/p>\n<ul>\n<li style=\"font-weight: 400;\" aria-level=\"1\"><span style=\"font-weight: 400;\">Compensa\u00e7\u00e3o de horas &#8211; O funcion\u00e1rio pode trabalhar at\u00e9 duas horas a mais por dia, antes da folia, para folgar nos dias de festa. \u00c9 importante dizer que, para que n\u00e3o haja necessidade de um acordo pr\u00e9vio, a compensa\u00e7\u00e3o seja feita no mesmo m\u00eas.<\/span><\/li>\n<li style=\"font-weight: 400;\" aria-level=\"1\"><span style=\"font-weight: 400;\">Banco de horas &#8211; Neste caso, os dias em que o profissional trabalhou a mais se transformam em um banco, que precisa ser convertido em dinheiro e\/ou em folga. \u00c9 poss\u00edvel utilizar esse saldo no carnaval. A diferen\u00e7a entre o banco e a compensa\u00e7\u00e3o \u00e9 que o banco existe sempre, n\u00e3o foi criado apenas para criar uma sobrejornada para o carnaval.<\/span><\/li>\n<li style=\"font-weight: 400;\" aria-level=\"1\"><span style=\"font-weight: 400;\">Libera\u00e7\u00e3o volunt\u00e1ria &#8211; \u00c9 o que adotam as empresas que simplesmente liberam seus profissionais neste per\u00edodo &#8211; mas cuidado: sem prever isso em contrato, o trabalhador pode reivindicar este direito t\u00e1cito passados alguns anos.<\/span><\/li>\n<li style=\"font-weight: 400;\" aria-level=\"1\"><span style=\"font-weight: 400;\">Descontos nas f\u00e9rias &#8211; A empresa pode propor ao funcion\u00e1rio para que ele tire f\u00e9rias nos dias de folia, mas isso n\u00e3o costuma ser visto com bons olhos pelo trabalhador, que julga que j\u00e1 teria o direito a esta data. Nesta hora, vale o bom senso: o carnaval \u00e9 uma data culturalmente institu\u00edda, e tensionar ao ponto de convert\u00ea-la em f\u00e9rias pode criar animosidades desnecess\u00e1rias.<\/span><\/li>\n<\/ul>\n<h2><b>E a pandemia?<\/b><\/h2>\n<p><span style=\"font-weight: 400;\">Em 2021, no entanto, tudo mudou. Ainda sobre o efeito da pandemia de coronav\u00edrus, alguns estados e munic\u00edpios que adotavam o carnaval como feriado cancelaram a data, a fim de evitar festas e aglomera\u00e7\u00f5es e estimular que as pessoas trabalhem nestes dias. Por isso, o mais conveniente \u00e9 que empregadores e empregados confiram como ficou esta quest\u00e3o em seu estado e em sua cidade.<\/span><\/p>\n<p><a href=\"http:\/\/www.planalto.gov.br\/ccivil_03\/leis\/L9093.htm\" target=\"_blank\" rel=\"noopener\"><span style=\"font-weight: 400;\">Isso porque cada munic\u00edpio pode instituir quatro feriados pr\u00f3prios (incluindo a Sexta-Feira da Paix\u00e3o), al\u00e9m dos nacionais<\/span><\/a><span style=\"font-weight: 400;\"> &#8211; e alguns, em que as festas s\u00e3o muito tradicionais, como Salvador e Rio de Janeiro, j\u00e1 inclu\u00edram a folia entre as datas comemorativas.<\/span><\/p>\n<p><img loading=\"lazy\" decoding=\"async\" class=\" wp-image-5456 alignright\" src=\"https:\/\/www.controlid.com.br\/blog\/wp-content\/uploads\/2021\/02\/carnaval-na-pandemia-250x107.png\" alt=\"feriado de carnaval na pandemia\" width=\"354\" height=\"151\" title=\"\" srcset=\"https:\/\/www.controlid.com.br\/blog\/wp-content\/uploads\/2021\/02\/carnaval-na-pandemia-250x107.png 250w, https:\/\/www.controlid.com.br\/blog\/wp-content\/uploads\/2021\/02\/carnaval-na-pandemia-150x64.png 150w, https:\/\/www.controlid.com.br\/blog\/wp-content\/uploads\/2021\/02\/carnaval-na-pandemia.png 700w\" sizes=\"auto, (max-width: 354px) 100vw, 354px\" \/><\/p>\n<p><span style=\"font-weight: 400;\">Independentemente do cen\u00e1rio, um bom sistema de controle de jornadas garante que a compensa\u00e7\u00e3o de horas, a institui\u00e7\u00e3o de um banco de horas e a confer\u00eancia do hor\u00e1rio di\u00e1rio de trabalho dos colaboradores sejam feitos de maneira segura e competente, para ambos os lados.\u00a0<\/span><\/p>\n<p><span style=\"font-weight: 400;\">Nesta hora, nada melhor do que contar com os equipamentos e os programas da <\/span><a href=\"https:\/\/www.controlid.com.br\/\" target=\"_blank\" rel=\"noopener\"><span style=\"font-weight: 400;\">Control iD<\/span><\/a><span style=\"font-weight: 400;\"> &#8211; os <\/span><a href=\"https:\/\/www.controlid.com.br\/relogio-de-ponto\/\" target=\"_blank\" rel=\"noopener\"><span style=\"font-weight: 400;\">rel\u00f3gios eletr\u00f4nicos de ponto<\/span><\/a><span style=\"font-weight: 400;\"> e os <\/span><a href=\"https:\/\/www.controlid.com.br\/controle-de-acesso\/software\/\" target=\"_blank\" rel=\"noopener\"><span style=\"font-weight: 400;\">softwares de apura\u00e7\u00e3o de ponto<\/span><\/a><span style=\"font-weight: 400;\"> e<\/span><a href=\"https:\/\/www.controlid.com.br\/controle-de-acesso\/software\/\" target=\"_blank\" rel=\"noopener\"><span style=\"font-weight: 400;\"> ponto mobile<\/span><\/a><span style=\"font-weight: 400;\"> que toda empresa precisa ter.<\/span><\/p>\n","protected":false},"excerpt":{"rendered":"<p>O carnaval est\u00e1 chegando e com ele muita gente faz planos para os quatro dias de folga. No entanto, o carnaval n\u00e3o \u00e9 um feriado nacional &#8211; nem mesmo a ter\u00e7a-feira ou a Quarta-Feira de Cinzas. Por isso, tecnicamente, estes podem sim ser dias de trabalho normal. O que acontece \u00e9 que, por se tratar [&hellip;]<\/p>\n","protected":false},"author":13,"featured_media":5454,"comment_status":"open","ping_status":"open","sticky":false,"template":"","format":"standard","meta":{"rank_math_lock_modified_date":false,"inline_featured_image":false,"footnotes":""},"categories":[119],"tags":[314,315,186],"class_list":["post-5452","post","type-post","status-publish","format-standard","has-post-thumbnail","hentry","category-rh","tag-carnaval","tag-feriado","tag-recursos-humanos"],"_links":{"self":[{"href":"https:\/\/www.controlid.com.br\/blog\/wp-json\/wp\/v2\/posts\/5452","targetHints":{"allow":["GET"]}}],"collection":[{"href":"https:\/\/www.controlid.com.br\/blog\/wp-json\/wp\/v2\/posts"}],"about":[{"href":"https:\/\/www.controlid.com.br\/blog\/wp-json\/wp\/v2\/types\/post"}],"author":[{"embeddable":true,"href":"https:\/\/www.controlid.com.br\/blog\/wp-json\/wp\/v2\/users\/13"}],"replies":[{"embeddable":true,"href":"https:\/\/www.controlid.com.br\/blog\/wp-json\/wp\/v2\/comments?post=5452"}],"version-history":[{"count":2,"href":"https:\/\/www.controlid.com.br\/blog\/wp-json\/wp\/v2\/posts\/5452\/revisions"}],"predecessor-version":[{"id":5457,"href":"https:\/\/www.controlid.com.br\/blog\/wp-json\/wp\/v2\/posts\/5452\/revisions\/5457"}],"wp:featuredmedia":[{"embeddable":true,"href":"https:\/\/www.controlid.com.br\/blog\/wp-json\/wp\/v2\/media\/5454"}],"wp:attachment":[{"href":"https:\/\/www.controlid.com.br\/blog\/wp-json\/wp\/v2\/media?parent=5452"}],"wp:term":[{"taxonomy":"category","embeddable":true,"href":"https:\/\/www.controlid.com.br\/blog\/wp-json\/wp\/v2\/categories?post=5452"},{"taxonomy":"post_tag","embeddable":true,"href":"https:\/\/www.controlid.com.br\/blog\/wp-json\/wp\/v2\/tags?post=5452"}],"curies":[{"name":"wp","href":"https:\/\/api.w.org\/{rel}","templated":true}]}}