{"id":5271,"date":"2020-12-24T10:00:19","date_gmt":"2020-12-24T13:00:19","guid":{"rendered":"https:\/\/www.controlid.com.br\/blog\/?p=5271"},"modified":"2020-12-16T18:04:41","modified_gmt":"2020-12-16T21:04:41","slug":"usar-relogio-de-ponto","status":"publish","type":"post","link":"https:\/\/www.controlid.com.br\/blog\/relogio-de-ponto\/usar-relogio-de-ponto\/","title":{"rendered":"Comprei um rel\u00f3gio de ponto, e agora?"},"content":{"rendered":"<p><span style=\"font-weight: 400;\">Se sua empresa acaba de adquirir um rel\u00f3gio de ponto eletr\u00f4nico, parab\u00e9ns! Saiba que este \u00e9 um instrumento seguro de controle de jornadas &#8211; que, de acordo com a <\/span><a href=\"http:\/\/www.planalto.gov.br\/ccivil_03\/decreto-lei\/del5452.htm\" target=\"_blank\" rel=\"noopener noreferrer\"><span style=\"font-weight: 400;\">CLT <\/span><\/a><span style=\"font-weight: 400;\">e a <\/span><a href=\"https:\/\/www.google.com\/search?q=lei+da+liberdade+econ%C3%B4mica&amp;oq=lei+da+libe&amp;aqs=chrome.1.69i57j35i39j0j69i60l3j69i61j69i60.1776j0j4&amp;sourceid=chrome&amp;ie=UTF-8\" target=\"_blank\" rel=\"noopener noreferrer\"><span style=\"font-weight: 400;\">Lei da Liberdade Econ\u00f4mica<\/span><\/a><span style=\"font-weight: 400;\"> &#8211; \u00e9 uma obriga\u00e7\u00e3o entre as empresas com 20 funcion\u00e1rios ou mais e entre empregadores individuais.\u00a0<\/span><\/p>\n<p><span style=\"font-weight: 400;\">Para quem nunca teve contato com o equipamento, talvez haja algumas d\u00favidas sobre como converter os registros dos profissionais na folha de ponto propriamente dito. Os rel\u00f3gios imprimem esses dados?\u00a0<\/span><\/p>\n<p><span style=\"font-weight: 400;\">Na verdade, n\u00e3o. Os equipamentos enviam as marca\u00e7\u00f5es para um <\/span><a href=\"https:\/\/www.controlid.com.br\/relogio-de-ponto\/rhid\/\" target=\"_blank\" rel=\"noopener noreferrer\"><span style=\"font-weight: 400;\">software <\/span><\/a><span style=\"font-weight: 400;\">de apura\u00e7\u00e3o de ponto associado a ele.<\/span><\/p>\n<p><span style=\"font-weight: 400;\">\u00c9 este programa que vai organizar todas as informa\u00e7\u00f5es geradas no rel\u00f3gio de ponto: entradas e sa\u00eddas dos profissionais, horas extras, horas faltas, etc.<\/span><\/p>\n<p><span style=\"font-weight: 400;\">Portanto, rel\u00f3gio de ponto e software fazem parte do mesmo sistema, sendo que o rel\u00f3gio n\u00e3o funciona adequadamente sem o software.\u00a0<\/span><\/p>\n<p><span style=\"font-weight: 400;\">Vamos a algumas d\u00favidas frequentes sobre essa rela\u00e7\u00e3o:<\/span><\/p>\n<ul>\n<li style=\"font-weight: 400;\" aria-level=\"1\">\n<h2><span style=\"font-weight: 400;\">Como \u00e9 a comunica\u00e7\u00e3o entre rel\u00f3gio de ponto e software?<\/span><\/h2>\n<\/li>\n<\/ul>\n<p><span style=\"font-weight: 400;\">A comunica\u00e7\u00e3o pode ser feita por meio de rede interna (TCP\/IP, web server embarcado e pendrive). Sistemas Wi-Fi e GPRS podem ser fornecidos como itens adicionais.<\/span><\/p>\n<ul>\n<li style=\"font-weight: 400;\" aria-level=\"1\">\n<h2><span style=\"font-weight: 400;\">O funcion\u00e1rio tem acesso ao software?<\/span><\/h2>\n<\/li>\n<\/ul>\n<p><span style=\"font-weight: 400;\">N\u00e3o. O programa \u00e9 de uso exclusivo de administradores do sistema, como os profissionais do Departamento Pessoal e os gestores da empresa.<\/span><\/p>\n<ul>\n<li style=\"font-weight: 400;\" aria-level=\"1\">\n<h2><span style=\"font-weight: 400;\">Que informa\u00e7\u00f5es o software pode gerenciar?<\/span><\/h2>\n<\/li>\n<\/ul>\n<p><span style=\"font-weight: 400;\">Por meio do programa, \u00e9 poss\u00edvel gerenciar os hor\u00e1rios de todos os colaboradores, incluindo jornadas complexas e n\u00e3o-convencionais (bancos de horas, feriados, etc.). O programa consolida todos os eventos e abre caminho para gera\u00e7\u00e3o do espelho de ponto e, posteriormente, da folha de pagamento.<\/span><\/p>\n<ul>\n<li style=\"font-weight: 400;\" aria-level=\"1\">\n<h2><span style=\"font-weight: 400;\">Onde as informa\u00e7\u00f5es do software ficam armazenadas?<\/span><\/h2>\n<\/li>\n<\/ul>\n<p><span style=\"font-weight: 400;\">O <\/span><a href=\"https:\/\/www.controlid.com.br\/relogio-de-ponto\/rhid\/\" target=\"_blank\" rel=\"noopener noreferrer\"><span style=\"font-weight: 400;\">RHiD<\/span><\/a><span style=\"font-weight: 400;\">, programa de apura\u00e7\u00e3o de ponto desenvolvido pela Control iD, mant\u00e9m os dados armazenados em nuvem, o que garante seguran\u00e7a para empregados e empregadores.<\/span><\/p>\n<ul>\n<li style=\"font-weight: 400;\" aria-level=\"1\">\n<h2><span style=\"font-weight: 400;\">Como atualizar o programa?<\/span><\/h2>\n<\/li>\n<\/ul>\n<p><span style=\"font-weight: 400;\">As atualiza\u00e7\u00f5es s\u00e3o feitas peri\u00f3dica e automaticamente, otimizando o trabalho do Departamento Pessoal., aplicando novas funcionalidades, melhorias de usabilidade e eventuais corre\u00e7\u00f5es;<\/span><\/p>\n<ul>\n<li style=\"font-weight: 400;\" aria-level=\"1\">\n<h2><span style=\"font-weight: 400;\">A ado\u00e7\u00e3o de software de apura\u00e7\u00e3o de ponto \u00e9 permitida?<\/span><\/h2>\n<\/li>\n<\/ul>\n<p><span style=\"font-weight: 400;\">Sim, contanto que o programa n\u00e3o fa\u00e7a marca\u00e7\u00f5es autom\u00e1ticas e n\u00e3o restrinja a marca\u00e7\u00e3o de eventos por parte dos funcion\u00e1rios.<\/span><\/p>\n<ul>\n<li style=\"font-weight: 400;\" aria-level=\"1\">\n<h2><span style=\"font-weight: 400;\">O software permite a marca\u00e7\u00e3o remota?<\/span><\/h2>\n<\/li>\n<\/ul>\n<p><span style=\"font-weight: 400;\">Sim. No caso do RHiD, o m\u00f3dulo mobile assegura que o colaborador possa marcar seus hor\u00e1rios de entrada e sa\u00edda fora do ambiente de trabalho, em conson\u00e2ncia com a <\/span><a href=\"https:\/\/www.trt2.jus.br\/geral\/tribunal2\/ORGAOS\/MTE\/Portaria\/P373_11.html\" target=\"_blank\" rel=\"noopener noreferrer\"><span style=\"font-weight: 400;\">portaria 373\/2011<\/span><\/a><span style=\"font-weight: 400;\">, contanto que a categoria tenha concordado com a migra\u00e7\u00e3o em acordos ou conven\u00e7\u00f5es coletivas.<\/span><\/p>\n<p><span style=\"font-weight: 400;\">O que fica claro disso tudo \u00e9 que o rel\u00f3gio de ponto eletr\u00f4nico n\u00e3o funciona sozinho. Ele precisa estar associado a um software que far\u00e1 a apura\u00e7\u00e3o de todas essas informa\u00e7\u00f5es.<\/span><\/p>\n<p><span style=\"font-weight: 400;\">E voc\u00ea j\u00e1 deve ter percebido que o <\/span><a href=\"https:\/\/www.controlid.com.br\/relogio-de-ponto\/rhid\/\" target=\"_blank\" rel=\"noopener noreferrer\"><span style=\"font-weight: 400;\">RHiD <\/span><\/a><span style=\"font-weight: 400;\">re\u00fane essas e outras qualidades, por estar sintonizado com as exig\u00eancias trabalhistas e com o que h\u00e1 de mais inovador em Software as a Service (SaaS).<\/span><\/p>\n<p><span style=\"font-weight: 400;\">\u00c9 poss\u00edvel ainda trabalhar com um n\u00famero de funcion\u00e1rios ilimitado e ainda realizar o controle remoto do fluxo de aprova\u00e7\u00f5es das marca\u00e7\u00f5es.<\/span><\/p>\n<p><span style=\"font-weight: 400;\">Conhe\u00e7a melhor o produto <\/span><a href=\"https:\/\/www.controlid.com.br\/relogio-de-ponto\/rhid\/\" target=\"_blank\" rel=\"noopener noreferrer\"><span style=\"font-weight: 400;\">aqui <\/span><\/a><span style=\"font-weight: 400;\">e sincronize j\u00e1 com o seu rel\u00f3gio!<\/span><\/p>\n","protected":false},"excerpt":{"rendered":"<p>Se sua empresa acaba de adquirir um rel\u00f3gio de ponto eletr\u00f4nico, parab\u00e9ns! Saiba que este \u00e9 um instrumento seguro de controle de jornadas &#8211; que, de acordo com a CLT e a Lei da Liberdade Econ\u00f4mica &#8211; \u00e9 uma obriga\u00e7\u00e3o entre as empresas com 20 funcion\u00e1rios ou mais e entre empregadores individuais.\u00a0 Para quem nunca [&hellip;]<\/p>\n","protected":false},"author":13,"featured_media":5276,"comment_status":"open","ping_status":"open","sticky":false,"template":"","format":"standard","meta":{"rank_math_lock_modified_date":false,"inline_featured_image":false,"footnotes":""},"categories":[66],"tags":[134,186,139],"class_list":["post-5271","post","type-post","status-publish","format-standard","has-post-thumbnail","hentry","category-relogio-de-ponto","tag-jornada-de-trabalho","tag-recursos-humanos","tag-relogio-de-ponto"],"_links":{"self":[{"href":"https:\/\/www.controlid.com.br\/blog\/wp-json\/wp\/v2\/posts\/5271","targetHints":{"allow":["GET"]}}],"collection":[{"href":"https:\/\/www.controlid.com.br\/blog\/wp-json\/wp\/v2\/posts"}],"about":[{"href":"https:\/\/www.controlid.com.br\/blog\/wp-json\/wp\/v2\/types\/post"}],"author":[{"embeddable":true,"href":"https:\/\/www.controlid.com.br\/blog\/wp-json\/wp\/v2\/users\/13"}],"replies":[{"embeddable":true,"href":"https:\/\/www.controlid.com.br\/blog\/wp-json\/wp\/v2\/comments?post=5271"}],"version-history":[{"count":1,"href":"https:\/\/www.controlid.com.br\/blog\/wp-json\/wp\/v2\/posts\/5271\/revisions"}],"predecessor-version":[{"id":5272,"href":"https:\/\/www.controlid.com.br\/blog\/wp-json\/wp\/v2\/posts\/5271\/revisions\/5272"}],"wp:featuredmedia":[{"embeddable":true,"href":"https:\/\/www.controlid.com.br\/blog\/wp-json\/wp\/v2\/media\/5276"}],"wp:attachment":[{"href":"https:\/\/www.controlid.com.br\/blog\/wp-json\/wp\/v2\/media?parent=5271"}],"wp:term":[{"taxonomy":"category","embeddable":true,"href":"https:\/\/www.controlid.com.br\/blog\/wp-json\/wp\/v2\/categories?post=5271"},{"taxonomy":"post_tag","embeddable":true,"href":"https:\/\/www.controlid.com.br\/blog\/wp-json\/wp\/v2\/tags?post=5271"}],"curies":[{"name":"wp","href":"https:\/\/api.w.org\/{rel}","templated":true}]}}