{"id":5269,"date":"2020-12-23T10:00:55","date_gmt":"2020-12-23T13:00:55","guid":{"rendered":"https:\/\/www.controlid.com.br\/blog\/?p=5269"},"modified":"2020-12-16T18:02:20","modified_gmt":"2020-12-16T21:02:20","slug":"reconhecimento-facial","status":"publish","type":"post","link":"https:\/\/www.controlid.com.br\/blog\/controle-de-acesso\/reconhecimento-facial\/","title":{"rendered":"O que \u00e9 e como funciona o reconhecimento facial?"},"content":{"rendered":"<p><span style=\"font-weight: 400;\">Considerada uma das formas mais eficientes de identifica\u00e7\u00e3o, o reconhecimento facial vem ganhando novas funcionalidades no dia a dia &#8211; entre os quais o controle de acesso a espa\u00e7os p\u00fablicos e privados.\u00a0<\/span><\/p>\n<p><span style=\"font-weight: 400;\">Muita gente n\u00e3o sabe, mas o reconhecimento facial tamb\u00e9m \u00e9 uma forma de biometria &#8211; uma vez que a identifica\u00e7\u00e3o \u00e9 baseada em caracter\u00edsticas \u00fanicas de cada ser humano, assim como o desenho das impress\u00f5es digitais e da \u00edris em nossos olhos.<\/span><\/p>\n<p><span style=\"font-weight: 400;\">O primeiro modelo de detec\u00e7\u00e3o por meio da face remonta \u00e0 d\u00e9cada de 60 do s\u00e9culo passado, quando pesquisadores desenvolveram uma estrat\u00e9gia de compara\u00e7\u00e3o de indiv\u00edduos baseada em fotos previamente registradas. A rela\u00e7\u00e3o entre a fotografia e a pessoa era feita de maneira automatizada, o que foi considerado um avan\u00e7o para a \u00e9poca.<\/span><\/p>\n<p><span style=\"font-weight: 400;\">Hoje o procedimento \u00e9 muito mais r\u00e1pido e menos invasivo, mas sua premissa ainda \u00e9 a mesma de quando fora inventado: o rosto humano possui pelo menos 80 pontos \u00fanicos (chamados de pontos nodais), que mudam de pessoa para pessoa. Esses pontos podem ser caracter\u00edsticas espec\u00edficas (o tamanho do queixo, por exemplo) ou a dist\u00e2ncia entre dois pontos (entre os olhos ou entre as orelhas, por exemplo).<\/span><\/p>\n<p><span style=\"font-weight: 400;\">Esses elementos comp\u00f5em o que na gen\u00e9tica \u00e9 conhecido por fen\u00f3tipo: a manifesta\u00e7\u00e3o dos genes (<a href=\"https:\/\/brasilescola.uol.com.br\/o-que-e\/biologia\/o-que-e-dna.htm\" target=\"_blank\" rel=\"noopener noreferrer\">DNA<\/a>, o gen\u00f3tipo) na apar\u00eancia f\u00edsica da pessoa. Apenas irm\u00e3os g\u00eameos id\u00eanticos compartilham o mesmo gen\u00f3tipo e ainda assim, como se sabe, \u00e9 plenamente poss\u00edvel haver g\u00eameos id\u00eanticos com diferen\u00e7as expressivas entre si.<\/span><\/p>\n<p><span style=\"font-weight: 400;\">O grau de precis\u00e3o do reconhecimento facial \u00e9 adotado h\u00e1 algum tempo para identifica\u00e7\u00e3o em dispositivos m\u00f3veis e para acesso a m\u00eddias sociais.\u00a0<\/span><\/p>\n<p><span style=\"font-weight: 400;\">H\u00e1 ainda um mercado em franca expans\u00e3o derivado das inova\u00e7\u00f5es de produtos, processos e servi\u00e7os no campo da identifica\u00e7\u00e3o.<\/span><\/p>\n<p><span style=\"font-weight: 400;\">Na publicidade, por exemplo, o reconhecimento facial \u00e9 utilizado em totens e displays para mapeamento da rea\u00e7\u00e3o das pessoas ao se deparar com um cartaz de propaganda.<\/span><\/p>\n<p><span style=\"font-weight: 400;\">Mas \u00e9 na seguran\u00e7a &#8211; p\u00fablica e privada &#8211; que esta forma de detec\u00e7\u00e3o de pessoas \u00e9 ainda mais utilizada.<\/span><\/p>\n<p><span style=\"font-weight: 400;\">Circuitos externos de videomonitoramento flagram atitudes suspeitas e cruzam com dados policiais sobre elementos foragidos ou procurados, por exemplo. A certifica\u00e7\u00e3o digital de documentos, como a CNH Digital, tamb\u00e9m promete sincronizar informa\u00e7\u00f5es sobre o rosto da pessoa com eventuais infra\u00e7\u00f5es.<\/span><\/p>\n<p><span style=\"font-weight: 400;\">Os sistemas de controle de acesso n\u00e3o poderiam ficar para tr\u00e1s.<\/span><\/p>\n<p><span style=\"font-weight: 400;\">Nestes dispositivos, o rosto do cidad\u00e3o fica armazenado por meio de dados criptografados que s\u00e3o lidos e reconhecidos sempre que a pessoa chega no condom\u00ednio ou na empresa, por exemplo.<\/span><\/p>\n<p><span style=\"font-weight: 400;\">Ap\u00f3s um cadastro pr\u00e9vio, o usu\u00e1rio recebe uma autoriza\u00e7\u00e3o permanente (no caso de moradores ou funcion\u00e1rios de uma corpora\u00e7\u00e3o) ou uma permiss\u00e3o tempor\u00e1ria (visitantes ou prestadores de servi\u00e7o). Pronto: a identifica\u00e7\u00e3o ficar\u00e1 armazenada para sempre nesse banco de dados.<\/span><\/p>\n<p><span style=\"font-weight: 400;\">E diferentemente do que muita gente pensa, esse armazenamento \u00e9 feito por c\u00f3digos &#8211; as fotos das pessoas n\u00e3o ficam expostas em uma grande central de controle, ao contr\u00e1rio do que fazem supor alguns filmes de fic\u00e7\u00e3o cient\u00edfica.<\/span><\/p>\n<p><span style=\"font-weight: 400;\">O reconhecimento facial \u00e9 ainda capaz de superar sutilezas comuns das mudan\u00e7as em nosso rosto.<\/span><\/p>\n<h2><b>Lan\u00e7amento de controlador de acesso com reconhecimento facial<\/b><\/h2>\n<p><span style=\"font-weight: 400;\">A Control iD acaba de lan\u00e7ar no mercado o controlador de acesso iDFace, que gerencia permiss\u00f5es de acesso por meio de reconhecimento facial e outros m\u00e9todos &#8211; como senhas e cart\u00f5es de proximidade.<\/span><\/p>\n<p><span style=\"font-weight: 400;\">Dotado de tecnologia de \u00faltima gera\u00e7\u00e3o e voltado para condom\u00ednios e empresas de todos os portes, o equipamento permite a identifica\u00e7\u00e3o de at\u00e9 10 mil faces sincronizada com os dispositivos de libera\u00e7\u00e3o de entrada (catracas, cancelas, etc.).\u00a0<\/span><\/p>\n<p><span style=\"font-weight: 400;\">Conhe\u00e7a <\/span><a href=\"https:\/\/www.controlid.com.br\/\" target=\"_blank\" rel=\"noopener noreferrer\"><span style=\"font-weight: 400;\">aqui <\/span><\/a><span style=\"font-weight: 400;\">este e outros produtos da linha.<\/span><\/p>\n","protected":false},"excerpt":{"rendered":"<p>Considerada uma das formas mais eficientes de identifica\u00e7\u00e3o, o reconhecimento facial vem ganhando novas funcionalidades no dia a dia &#8211; entre os quais o controle de acesso a espa\u00e7os p\u00fablicos e privados.\u00a0 Muita gente n\u00e3o sabe, mas o reconhecimento facial tamb\u00e9m \u00e9 uma forma de biometria &#8211; uma vez que a identifica\u00e7\u00e3o \u00e9 baseada em [&hellip;]<\/p>\n","protected":false},"author":13,"featured_media":5275,"comment_status":"open","ping_status":"open","sticky":false,"template":"","format":"standard","meta":{"rank_math_lock_modified_date":false,"inline_featured_image":false,"footnotes":""},"categories":[68],"tags":[94,115,280],"class_list":["post-5269","post","type-post","status-publish","format-standard","has-post-thumbnail","hentry","category-controle-de-acesso","tag-controle-de-acesso","tag-reconhecimento-facial","tag-teconologia"],"_links":{"self":[{"href":"https:\/\/www.controlid.com.br\/blog\/wp-json\/wp\/v2\/posts\/5269","targetHints":{"allow":["GET"]}}],"collection":[{"href":"https:\/\/www.controlid.com.br\/blog\/wp-json\/wp\/v2\/posts"}],"about":[{"href":"https:\/\/www.controlid.com.br\/blog\/wp-json\/wp\/v2\/types\/post"}],"author":[{"embeddable":true,"href":"https:\/\/www.controlid.com.br\/blog\/wp-json\/wp\/v2\/users\/13"}],"replies":[{"embeddable":true,"href":"https:\/\/www.controlid.com.br\/blog\/wp-json\/wp\/v2\/comments?post=5269"}],"version-history":[{"count":1,"href":"https:\/\/www.controlid.com.br\/blog\/wp-json\/wp\/v2\/posts\/5269\/revisions"}],"predecessor-version":[{"id":5270,"href":"https:\/\/www.controlid.com.br\/blog\/wp-json\/wp\/v2\/posts\/5269\/revisions\/5270"}],"wp:featuredmedia":[{"embeddable":true,"href":"https:\/\/www.controlid.com.br\/blog\/wp-json\/wp\/v2\/media\/5275"}],"wp:attachment":[{"href":"https:\/\/www.controlid.com.br\/blog\/wp-json\/wp\/v2\/media?parent=5269"}],"wp:term":[{"taxonomy":"category","embeddable":true,"href":"https:\/\/www.controlid.com.br\/blog\/wp-json\/wp\/v2\/categories?post=5269"},{"taxonomy":"post_tag","embeddable":true,"href":"https:\/\/www.controlid.com.br\/blog\/wp-json\/wp\/v2\/tags?post=5269"}],"curies":[{"name":"wp","href":"https:\/\/api.w.org\/{rel}","templated":true}]}}