{"id":28812,"date":"2025-12-12T16:17:44","date_gmt":"2025-12-12T19:17:44","guid":{"rendered":"https:\/\/www.controlid.com.br\/blog\/?p=28812"},"modified":"2025-12-12T16:17:44","modified_gmt":"2025-12-12T19:17:44","slug":"employee-experience","status":"publish","type":"post","link":"https:\/\/www.controlid.com.br\/blog\/rh\/employee-experience\/","title":{"rendered":"Employee Experience: como mapear a jornada do colaborador"},"content":{"rendered":"<p><span style=\"font-weight: 400;\">Employee Experience refere-se \u00e0 soma de todas as intera\u00e7\u00f5es que um profissional vivencia com uma organiza\u00e7\u00e3o, desde o primeiro contato com a marca empregadora at\u00e9 o momento final de seu desligamento. Diferentemente da simples gest\u00e3o de Recursos Humanos, que foca em processos, este conceito adota uma perspectiva hol\u00edstica, tratando o colaborador com o mesmo cuidado e estrat\u00e9gia geralmente dedicados aos clientes externos.<\/span><\/p>\n<p><span style=\"font-weight: 400;\">No cen\u00e1rio corporativo atual, onde a disputa por talentos qualificados \u00e9 intensa, investir na experi\u00eancia do colaborador deixou de ser um diferencial para se tornar uma necessidade estrat\u00e9gica. Organiza\u00e7\u00f5es que priorizam essa frente observam n\u00e3o apenas uma redu\u00e7\u00e3o nas taxas de turnover, mas tamb\u00e9m um aumento significativo no engajamento e na produtividade das equipes.<\/span><\/p>\n<p><span style=\"font-weight: 400;\">A seguir, analisa-se como estruturar essa estrat\u00e9gia e quais s\u00e3o os pontos cr\u00edticos da jornada.<\/span><\/p>\n<h2><b>O que comp\u00f5e o Employee Experience?<\/b><\/h2>\n<p><span style=\"font-weight: 400;\">Para que o Employee Experience seja efetivo, ele deve ser sustentado por tr\u00eas pilares fundamentais que moldam a percep\u00e7\u00e3o do trabalhador sobre a empresa:<\/span><\/p>\n<ol>\n<li style=\"font-weight: 400;\" aria-level=\"1\"><b>Cultura Organizacional:<\/b><span style=\"font-weight: 400;\"> Envolve os valores, a miss\u00e3o e o clima do ambiente de trabalho. \u00c9 o sentimento de pertencimento e a forma como a lideran\u00e7a atua no dia a dia.<\/span><\/li>\n<li style=\"font-weight: 400;\" aria-level=\"1\"><b>Ambiente Tecnol\u00f3gico:<\/b><span style=\"font-weight: 400;\"> Refere-se \u00e0s ferramentas fornecidas para a execu\u00e7\u00e3o do trabalho. Sistemas lentos ou burocr\u00e1ticos geram frustra\u00e7\u00e3o, enquanto tecnologias \u00e1geis empoderam o profissional.<\/span><\/li>\n<li style=\"font-weight: 400;\" aria-level=\"1\"><b>Ambiente F\u00edsico:<\/b><span style=\"font-weight: 400;\"> Seja no escrit\u00f3rio presencial ou na estrutura do home office, o espa\u00e7o de trabalho impacta diretamente o bem-estar e a capacidade de concentra\u00e7\u00e3o.<\/span><\/li>\n<\/ol>\n<h2><b>Mapeando a Jornada do Colaborador<\/b><\/h2>\n<p><img loading=\"lazy\" decoding=\"async\" class=\"size-full wp-image-28814\" src=\"https:\/\/www.controlid.com.br\/blog\/wp-content\/uploads\/2025\/12\/employee_experience_mapeando_jornada.jpg\" alt=\"employee experience mapeando jornada\" width=\"1000\" height=\"619\" title=\"\" srcset=\"https:\/\/www.controlid.com.br\/blog\/wp-content\/uploads\/2025\/12\/employee_experience_mapeando_jornada.jpg 1000w, https:\/\/www.controlid.com.br\/blog\/wp-content\/uploads\/2025\/12\/employee_experience_mapeando_jornada-250x155.jpg 250w, https:\/\/www.controlid.com.br\/blog\/wp-content\/uploads\/2025\/12\/employee_experience_mapeando_jornada-150x93.jpg 150w, https:\/\/www.controlid.com.br\/blog\/wp-content\/uploads\/2025\/12\/employee_experience_mapeando_jornada-768x475.jpg 768w, https:\/\/www.controlid.com.br\/blog\/wp-content\/uploads\/2025\/12\/employee_experience_mapeando_jornada-664x411.jpg 664w, https:\/\/www.controlid.com.br\/blog\/wp-content\/uploads\/2025\/12\/employee_experience_mapeando_jornada-314x194.jpg 314w, https:\/\/www.controlid.com.br\/blog\/wp-content\/uploads\/2025\/12\/employee_experience_mapeando_jornada-313x193.jpg 313w, https:\/\/www.controlid.com.br\/blog\/wp-content\/uploads\/2025\/12\/employee_experience_mapeando_jornada-470x290.jpg 470w, https:\/\/www.controlid.com.br\/blog\/wp-content\/uploads\/2025\/12\/employee_experience_mapeando_jornada-405x250.jpg 405w\" sizes=\"auto, (max-width: 1000px) 100vw, 1000px\" \/><\/p>\n<p><span style=\"font-weight: 400;\">A implementa\u00e7\u00e3o de uma estrat\u00e9gia s\u00f3lida de Employee Experience exige o mapeamento detalhado da jornada do colaborador. Assim como no marketing se desenha a jornada do cliente, o RH deve visualizar os ciclos de vida do funcion\u00e1rio dentro da organiza\u00e7\u00e3o.<\/span><\/p>\n<p><span style=\"font-weight: 400;\">Esta jornada pode ser dividida em cinco est\u00e1gios cruciais:<\/span><\/p>\n<h3><b>1. Atra\u00e7\u00e3o e Recrutamento<\/b><\/h3>\n<p><span style=\"font-weight: 400;\">A experi\u00eancia come\u00e7a muito antes da contrata\u00e7\u00e3o. A forma como a empresa se posiciona no mercado (Employer Branding), a clareza da descri\u00e7\u00e3o da vaga e a facilidade do processo de candidatura s\u00e3o os primeiros pontos de contato. Um processo seletivo longo, sem feedbacks ou confuso, j\u00e1 cria uma percep\u00e7\u00e3o negativa da marca, prejudicando o Employee Experience antes mesmo do primeiro dia de trabalho.<\/span><\/p>\n<h3><b>2. Onboarding (Integra\u00e7\u00e3o)<\/b><\/h3>\n<p><span style=\"font-weight: 400;\">Este \u00e9 frequentemente considerado o momento mais cr\u00edtico. A fase de onboarding define o tom da rela\u00e7\u00e3o de trabalho. Um processo de integra\u00e7\u00e3o bem estruturado deve garantir que o novo talento tenha acesso \u00e0s ferramentas necess\u00e1rias, conhe\u00e7a a equipe e entenda claramente suas fun\u00e7\u00f5es e metas. A falta de acolhimento nesta etapa \u00e9 uma das principais causas de desist\u00eancia nos primeiros 90 dias.<\/span><\/p>\n<h3><b>3. Desenvolvimento e Performance<\/b><\/h3>\n<p><span style=\"font-weight: 400;\">Durante a perman\u00eancia do colaborador, a rotina de trabalho, os feedbacks e as oportunidades de crescimento ditam a qualidade da experi\u00eancia. O Employee<\/span> <span style=\"font-weight: 400;\">Experience nesta fase depende de uma lideran\u00e7a capacitada para gerir pessoas, de planos de carreira transparentes e de um ambiente que promova a seguran\u00e7a psicol\u00f3gica. A estagna\u00e7\u00e3o profissional \u00e9 um fator detrator da experi\u00eancia.<\/span><\/p>\n<h3><b>4. Reten\u00e7\u00e3o e Reconhecimento<\/b><\/h3>\n<p><span style=\"font-weight: 400;\">O que faz um funcion\u00e1rio permanecer na empresa? Al\u00e9m de sal\u00e1rios e benef\u00edcios competitivos (o b\u00e1sico), a reten\u00e7\u00e3o est\u00e1 ligada ao reconhecimento e ao equil\u00edbrio entre vida pessoal e profissional. Estrat\u00e9gias de recompensas e flexibilidade s\u00e3o componentes essenciais para manter o \u00edndice de satisfa\u00e7\u00e3o elevado.<\/span><\/p>\n<h3><b>5. Offboarding (Desligamento)<\/b><\/h3>\n<p><span style=\"font-weight: 400;\">Muitas empresas negligenciam esta etapa, mas o desligamento \u00e9 parte integrante do Employee<\/span> <span style=\"font-weight: 400;\">Experience. Seja volunt\u00e1ria ou involunt\u00e1ria, a sa\u00edda deve ser conduzida com respeito e humanidade. Um offboarding bem feito, com entrevistas de desligamento construtivas, faz com que ex-colaboradores possam indicar novos talentos ou at\u00e9 retornar no futuro.<\/span><\/p>\n<h2><b>O impacto nos resultados do neg\u00f3cio<\/b><\/h2>\n<p><span style=\"font-weight: 400;\">Ao priorizar o Employee<\/span> <span style=\"font-weight: 400;\">Experience, as organiza\u00e7\u00f5es criam um ciclo virtuoso. Colaboradores satisfeitos tendem a oferecer um melhor atendimento ao cliente final, o que impacta diretamente a receita e a reputa\u00e7\u00e3o da empresa.<\/span><\/p>\n<p><span style=\"font-weight: 400;\">Estudos de mercado indicam que empresas com altos \u00edndices de satisfa\u00e7\u00e3o interna superam a concorr\u00eancia em lucratividade e inova\u00e7\u00e3o. Portanto, o RH deixa de ser apenas um departamento operacional para assumir um papel de arquiteto de experi\u00eancias, utilizando dados (People Analytics) para monitorar o clima e realizar ajustes na rota sempre que necess\u00e1rio.<\/span><\/p>\n<p><span style=\"font-weight: 400;\">O Employee<\/span> <span style=\"font-weight: 400;\">Experience n\u00e3o \u00e9 uma iniciativa isolada, mas uma mentalidade de gest\u00e3o que coloca as pessoas no centro da estrat\u00e9gia de neg\u00f3cios, garantindo sustentabilidade e competitividade a longo prazo.<\/span><\/p>\n<p><span style=\"font-weight: 400;\">A <\/span><a href=\"https:\/\/www.controlid.com.br\/\"><span style=\"font-weight: 400;\">Control iD<\/span><\/a><span style=\"font-weight: 400;\"> \u00e9 uma ind\u00fastria especializada no desenvolvimento de hardware e software para seguran\u00e7a eletr\u00f4nica, automa\u00e7\u00e3o comercial e gest\u00e3o de recursos humanos.<\/span><\/p>\n<p><span style=\"font-weight: 400;\">A plataforma <\/span><a href=\"https:\/\/www.youtube.com\/watch?v=qVmNOk36cq4\" target=\"_blank\" rel=\"noopener\"><span style=\"font-weight: 400;\">RHiD<\/span><\/a><span style=\"font-weight: 400;\">, desenvolvida pela Control iD, \u00e9 um sistema completo que permite a apura\u00e7\u00e3o de ponto na nuvem. Utilizando os mais modernos conceitos de SaaS (Software as a Service), o sistema dispensa a instala\u00e7\u00e3o e o armazenamento de informa\u00e7\u00f5es em computadores locais, pois todos os dados podem ser acessados atrav\u00e9s de um navegador ou utilizando o aplicativo para celular.<\/span><\/p>\n<p><span style=\"font-weight: 400;\">A colabora\u00e7\u00e3o em tempo real entre gestores, funcion\u00e1rios e equipamentos oferece maior comodidade e liberdade para monitorar a frequ\u00eancia dos empregados. Al\u00e9m disso, as atualiza\u00e7\u00f5es do software s\u00e3o autom\u00e1ticas e disponibilizadas rapidamente aos clientes, que facilita o atendimento \u00e0s constantes evolu\u00e7\u00f5es das leis trabalhistas.<\/span><\/p>\n","protected":false},"excerpt":{"rendered":"<p>Employee Experience refere-se \u00e0 soma de todas as intera\u00e7\u00f5es que um profissional vivencia com uma organiza\u00e7\u00e3o, desde o primeiro contato com a marca empregadora at\u00e9 o momento final de seu desligamento. Diferentemente da simples gest\u00e3o de Recursos Humanos, que foca em processos, este conceito adota uma perspectiva hol\u00edstica, tratando o colaborador com o mesmo cuidado [&hellip;]<\/p>\n","protected":false},"author":1,"featured_media":28813,"comment_status":"open","ping_status":"open","sticky":false,"template":"","format":"standard","meta":{"rank_math_lock_modified_date":false,"inline_featured_image":false,"footnotes":""},"categories":[119],"tags":[244,186,135,190],"class_list":["post-28812","post","type-post","status-publish","format-standard","has-post-thumbnail","hentry","category-rh","tag-control-id","tag-recursos-humanos","tag-rh","tag-trabalho"],"_links":{"self":[{"href":"https:\/\/www.controlid.com.br\/blog\/wp-json\/wp\/v2\/posts\/28812","targetHints":{"allow":["GET"]}}],"collection":[{"href":"https:\/\/www.controlid.com.br\/blog\/wp-json\/wp\/v2\/posts"}],"about":[{"href":"https:\/\/www.controlid.com.br\/blog\/wp-json\/wp\/v2\/types\/post"}],"author":[{"embeddable":true,"href":"https:\/\/www.controlid.com.br\/blog\/wp-json\/wp\/v2\/users\/1"}],"replies":[{"embeddable":true,"href":"https:\/\/www.controlid.com.br\/blog\/wp-json\/wp\/v2\/comments?post=28812"}],"version-history":[{"count":1,"href":"https:\/\/www.controlid.com.br\/blog\/wp-json\/wp\/v2\/posts\/28812\/revisions"}],"predecessor-version":[{"id":28815,"href":"https:\/\/www.controlid.com.br\/blog\/wp-json\/wp\/v2\/posts\/28812\/revisions\/28815"}],"wp:featuredmedia":[{"embeddable":true,"href":"https:\/\/www.controlid.com.br\/blog\/wp-json\/wp\/v2\/media\/28813"}],"wp:attachment":[{"href":"https:\/\/www.controlid.com.br\/blog\/wp-json\/wp\/v2\/media?parent=28812"}],"wp:term":[{"taxonomy":"category","embeddable":true,"href":"https:\/\/www.controlid.com.br\/blog\/wp-json\/wp\/v2\/categories?post=28812"},{"taxonomy":"post_tag","embeddable":true,"href":"https:\/\/www.controlid.com.br\/blog\/wp-json\/wp\/v2\/tags?post=28812"}],"curies":[{"name":"wp","href":"https:\/\/api.w.org\/{rel}","templated":true}]}}