{"id":28711,"date":"2025-07-25T17:22:51","date_gmt":"2025-07-25T20:22:51","guid":{"rendered":"https:\/\/www.controlid.com.br\/blog\/?p=28711"},"modified":"2025-07-25T17:22:51","modified_gmt":"2025-07-25T20:22:51","slug":"diversidade-de-geracao","status":"publish","type":"post","link":"https:\/\/www.controlid.com.br\/blog\/rh\/diversidade-de-geracao\/","title":{"rendered":"Como lidar com a diversidade de gera\u00e7\u00e3o no ambiente corporativo"},"content":{"rendered":"<p><span style=\"font-weight: 400;\">A diversidade de gera\u00e7\u00e3o tornou-se uma caracter\u00edstica marcante do mercado de trabalho contempor\u00e2neo. Em muitas organiza\u00e7\u00f5es, profissionais de quatro gera\u00e7\u00f5es diferentes compartilham o mesmo ambiente corporativo: Baby Boomers, Gera\u00e7\u00e3o X, Millennials (ou Gera\u00e7\u00e3o Y) e Gera\u00e7\u00e3o Z. Cada uma dessas gera\u00e7\u00f5es carrega valores, h\u00e1bitos e expectativas distintas em rela\u00e7\u00e3o ao trabalho, o que pode gerar desafios de conviv\u00eancia \u2014 mas tamb\u00e9m in\u00fameras oportunidades de crescimento coletivo.<\/span><\/p>\n<h2><span style=\"font-weight: 400;\">Entendendo as caracter\u00edsticas de cada gera\u00e7\u00e3o<\/span><\/h2>\n<p><span style=\"font-weight: 400;\">Compreender o perfil de cada gera\u00e7\u00e3o \u00e9 o primeiro passo para promover uma gest\u00e3o mais emp\u00e1tica e estrat\u00e9gica:<\/span><\/p>\n<ul>\n<li style=\"font-weight: 400;\" aria-level=\"1\"><b>Baby Boomers (1946 a 1964):<\/b><span style=\"font-weight: 400;\"> profissionais que valorizam a estabilidade e o comprometimento de longo prazo. Est\u00e3o acostumados com estruturas hier\u00e1rquicas e preferem comunica\u00e7\u00f5es presenciais. Muitos ocupam cargos de lideran\u00e7a e trazem experi\u00eancia e vis\u00e3o estrat\u00e9gica.<\/span><\/li>\n<li style=\"font-weight: 400;\" aria-level=\"1\"><b>Gera\u00e7\u00e3o X (1965 a 1980):<\/b><span style=\"font-weight: 400;\"> adapt\u00e1veis e independentes, valorizam o equil\u00edbrio entre vida pessoal e profissional. S\u00e3o considerados uma ponte entre gera\u00e7\u00f5es mais tradicionais e as mais modernas, tendo vivido tanto o mundo anal\u00f3gico quanto a transi\u00e7\u00e3o digital.<\/span><\/li>\n<li style=\"font-weight: 400;\" aria-level=\"1\"><b>Millennials (1981 a 1996):<\/b><span style=\"font-weight: 400;\"> cresceram em meio ao avan\u00e7o tecnol\u00f3gico e buscam prop\u00f3sito e reconhecimento no ambiente corporativo. S\u00e3o colaborativos, desejam feedbacks frequentes e preferem ambientes flex\u00edveis e horizontalizados.<\/span><\/li>\n<li style=\"font-weight: 400;\" aria-level=\"1\"><b>Gera\u00e7\u00e3o Z (a partir de 1997):<\/b><span style=\"font-weight: 400;\"> nativos digitais, t\u00eam forte conex\u00e3o com causas sociais e esperam agilidade e inova\u00e7\u00e3o das empresas. Costumam ser autodidatas, conectados e exigem mais autonomia desde cedo.<\/span><\/li>\n<\/ul>\n<h2><span style=\"font-weight: 400;\">Estrat\u00e9gias para integrar diferentes gera\u00e7\u00f5es<\/span><\/h2>\n<p><img loading=\"lazy\" decoding=\"async\" class=\"size-full wp-image-28714\" src=\"https:\/\/www.controlid.com.br\/blog\/wp-content\/uploads\/2025\/07\/integrar_geracao.jpg\" alt=\"integrar geracao\" width=\"1000\" height=\"619\" title=\"\" srcset=\"https:\/\/www.controlid.com.br\/blog\/wp-content\/uploads\/2025\/07\/integrar_geracao.jpg 1000w, https:\/\/www.controlid.com.br\/blog\/wp-content\/uploads\/2025\/07\/integrar_geracao-250x155.jpg 250w, https:\/\/www.controlid.com.br\/blog\/wp-content\/uploads\/2025\/07\/integrar_geracao-150x93.jpg 150w, https:\/\/www.controlid.com.br\/blog\/wp-content\/uploads\/2025\/07\/integrar_geracao-768x475.jpg 768w, https:\/\/www.controlid.com.br\/blog\/wp-content\/uploads\/2025\/07\/integrar_geracao-664x411.jpg 664w, https:\/\/www.controlid.com.br\/blog\/wp-content\/uploads\/2025\/07\/integrar_geracao-314x194.jpg 314w, https:\/\/www.controlid.com.br\/blog\/wp-content\/uploads\/2025\/07\/integrar_geracao-313x193.jpg 313w, https:\/\/www.controlid.com.br\/blog\/wp-content\/uploads\/2025\/07\/integrar_geracao-470x290.jpg 470w, https:\/\/www.controlid.com.br\/blog\/wp-content\/uploads\/2025\/07\/integrar_geracao-405x250.jpg 405w\" sizes=\"auto, (max-width: 1000px) 100vw, 1000px\" \/><\/p>\n<p><span style=\"font-weight: 400;\">Para transformar a diversidade geracional em um diferencial competitivo, o setor de Recursos Humanos pode adotar estrat\u00e9gias pr\u00e1ticas e inclusivas.<\/span><\/p>\n<h3><span style=\"font-weight: 400;\">1. Incentivar a comunica\u00e7\u00e3o aberta e personalizada<\/span><\/h3>\n<p><span style=\"font-weight: 400;\">Cada gera\u00e7\u00e3o possui prefer\u00eancias distintas de comunica\u00e7\u00e3o. Enquanto os Baby Boomers tendem a preferir reuni\u00f5es presenciais e chamadas telef\u00f4nicas, os mais jovens se sentem mais \u00e0 vontade com mensagens instant\u00e2neas e plataformas digitais. Criar um ambiente onde todas as formas de express\u00e3o sejam respeitadas contribui para evitar ru\u00eddos e promove a transpar\u00eancia nas rela\u00e7\u00f5es de trabalho.<\/span><\/p>\n<h3><span style=\"font-weight: 400;\">2. Estimular o aprendizado m\u00fatuo<\/span><\/h3>\n<p><span style=\"font-weight: 400;\">Programas de mentoria intergeracional \u2014 incluindo a mentoria reversa, onde profissionais mais jovens compartilham conhecimentos digitais com os mais experientes \u2014 s\u00e3o eficazes para promover a troca de saberes. Essa conviv\u00eancia valoriza diferentes formas de conhecimento e ajuda a reduzir preconceitos, aproximando gera\u00e7\u00f5es.<\/span><\/p>\n<h3><span style=\"font-weight: 400;\">3. Promover a diversidade como valor organizacional<\/span><\/h3>\n<p><span style=\"font-weight: 400;\">Empresas que reconhecem o valor da pluralidade geracional se destacam pela capacidade de inovar e tomar decis\u00f5es mais equilibradas. Incentivar a conviv\u00eancia respeitosa entre gera\u00e7\u00f5es amplia o repert\u00f3rio da equipe e contribui para a constru\u00e7\u00e3o de uma cultura inclusiva.<\/span><\/p>\n<h3><span style=\"font-weight: 400;\">4. Flexibilizar pr\u00e1ticas e benef\u00edcios<\/span><\/h3>\n<p><span style=\"font-weight: 400;\">Oferecer diferentes modelos de trabalho \u2014 como jornadas h\u00edbridas ou hor\u00e1rios flex\u00edveis \u2014 atende a expectativas variadas, desde profissionais que buscam mais tempo com a fam\u00edlia at\u00e9 aqueles que priorizam liberdade e mobilidade. Al\u00e9m disso, repensar os pacotes de benef\u00edcios de forma personalizada pode aumentar a satisfa\u00e7\u00e3o e reten\u00e7\u00e3o dos talentos.<\/span><\/p>\n<h2><span style=\"font-weight: 400;\">O papel do RH na conviv\u00eancia intergeracional<\/span><\/h2>\n<p><span style=\"font-weight: 400;\">Cabe ao RH atuar como mediador e facilitador dessa conviv\u00eancia. Isso envolve desde o mapeamento do perfil geracional da equipe at\u00e9 a cria\u00e7\u00e3o de pol\u00edticas de integra\u00e7\u00e3o, capacita\u00e7\u00e3o e comunica\u00e7\u00e3o. Um ambiente corporativo onde todas as gera\u00e7\u00f5es se sentem ouvidas e valorizadas tende a ser mais produtivo, criativo e preparado para enfrentar os desafios da transforma\u00e7\u00e3o digital.<\/span><\/p>\n<p><span style=\"font-weight: 400;\">Em resumo, lidar com gera\u00e7\u00f5es diferentes no ambiente corporativo exige sensibilidade, escuta ativa e a\u00e7\u00f5es estruturadas. Ao transformar essa diversidade em um ativo estrat\u00e9gico, as empresas constroem ambientes mais din\u00e2micos, engajadores e sustent\u00e1veis no longo prazo.<\/span><\/p>\n<p>&nbsp;<\/p>\n<p><span style=\"font-weight: 400;\">A <\/span><a href=\"https:\/\/www.controlid.com.br\/\"><span style=\"font-weight: 400;\">Control iD<\/span><\/a><span style=\"font-weight: 400;\"> \u00e9 uma ind\u00fastria especializada no desenvolvimento de hardware e software para seguran\u00e7a eletr\u00f4nica, automa\u00e7\u00e3o comercial e gest\u00e3o de recursos humanos.<\/span><\/p>\n<p><span style=\"font-weight: 400;\">A plataforma <\/span><a href=\"https:\/\/www.youtube.com\/watch?v=qVmNOk36cq4\" target=\"_blank\" rel=\"noopener\"><span style=\"font-weight: 400;\">RHiD<\/span><\/a><span style=\"font-weight: 400;\">, desenvolvida pela Control iD, \u00e9 um sistema completo que permite a apura\u00e7\u00e3o de ponto na nuvem. Utilizando os mais modernos conceitos de SaaS (Software as a Service), o sistema dispensa a instala\u00e7\u00e3o e o armazenamento de informa\u00e7\u00f5es em computadores locais, pois todos os dados podem ser acessados atrav\u00e9s de um navegador ou utilizando o aplicativo para celular.<\/span><\/p>\n<p><span style=\"font-weight: 400;\">A colabora\u00e7\u00e3o em tempo real entre gestores, funcion\u00e1rios e equipamentos oferece maior comodidade e liberdade para monitorar a frequ\u00eancia dos empregados. Al\u00e9m disso, as atualiza\u00e7\u00f5es do software s\u00e3o autom\u00e1ticas e disponibilizadas rapidamente aos clientes, que facilita o atendimento \u00e0s constantes evolu\u00e7\u00f5es das leis trabalhistas.<\/span><\/p>\n<p>&nbsp;<\/p>\n","protected":false},"excerpt":{"rendered":"<p>A diversidade de gera\u00e7\u00e3o tornou-se uma caracter\u00edstica marcante do mercado de trabalho contempor\u00e2neo. Em muitas organiza\u00e7\u00f5es, profissionais de quatro gera\u00e7\u00f5es diferentes compartilham o mesmo ambiente corporativo: Baby Boomers, Gera\u00e7\u00e3o X, Millennials (ou Gera\u00e7\u00e3o Y) e Gera\u00e7\u00e3o Z. Cada uma dessas gera\u00e7\u00f5es carrega valores, h\u00e1bitos e expectativas distintas em rela\u00e7\u00e3o ao trabalho, o que pode gerar [&hellip;]<\/p>\n","protected":false},"author":1,"featured_media":28713,"comment_status":"open","ping_status":"open","sticky":false,"template":"","format":"standard","meta":{"rank_math_lock_modified_date":false,"inline_featured_image":false,"footnotes":""},"categories":[119],"tags":[],"class_list":["post-28711","post","type-post","status-publish","format-standard","has-post-thumbnail","hentry","category-rh"],"_links":{"self":[{"href":"https:\/\/www.controlid.com.br\/blog\/wp-json\/wp\/v2\/posts\/28711","targetHints":{"allow":["GET"]}}],"collection":[{"href":"https:\/\/www.controlid.com.br\/blog\/wp-json\/wp\/v2\/posts"}],"about":[{"href":"https:\/\/www.controlid.com.br\/blog\/wp-json\/wp\/v2\/types\/post"}],"author":[{"embeddable":true,"href":"https:\/\/www.controlid.com.br\/blog\/wp-json\/wp\/v2\/users\/1"}],"replies":[{"embeddable":true,"href":"https:\/\/www.controlid.com.br\/blog\/wp-json\/wp\/v2\/comments?post=28711"}],"version-history":[{"count":2,"href":"https:\/\/www.controlid.com.br\/blog\/wp-json\/wp\/v2\/posts\/28711\/revisions"}],"predecessor-version":[{"id":28715,"href":"https:\/\/www.controlid.com.br\/blog\/wp-json\/wp\/v2\/posts\/28711\/revisions\/28715"}],"wp:featuredmedia":[{"embeddable":true,"href":"https:\/\/www.controlid.com.br\/blog\/wp-json\/wp\/v2\/media\/28713"}],"wp:attachment":[{"href":"https:\/\/www.controlid.com.br\/blog\/wp-json\/wp\/v2\/media?parent=28711"}],"wp:term":[{"taxonomy":"category","embeddable":true,"href":"https:\/\/www.controlid.com.br\/blog\/wp-json\/wp\/v2\/categories?post=28711"},{"taxonomy":"post_tag","embeddable":true,"href":"https:\/\/www.controlid.com.br\/blog\/wp-json\/wp\/v2\/tags?post=28711"}],"curies":[{"name":"wp","href":"https:\/\/api.w.org\/{rel}","templated":true}]}}