{"id":28249,"date":"2024-03-15T16:21:00","date_gmt":"2024-03-15T19:21:00","guid":{"rendered":"https:\/\/www.controlid.com.br\/blog\/?p=28249"},"modified":"2024-03-15T16:21:00","modified_gmt":"2024-03-15T19:21:00","slug":"bem-estar-no-trabalho","status":"publish","type":"post","link":"https:\/\/www.controlid.com.br\/blog\/rh\/bem-estar-no-trabalho\/","title":{"rendered":"Bem-Estar no Trabalho: Estrat\u00e9gias para Promover a Sa\u00fade Mental dos Colaboradores"},"content":{"rendered":"<p><span style=\"font-weight: 400;\">Num mundo corporativo cada vez mais din\u00e2mico, a valoriza\u00e7\u00e3o do bem-estar no trabalho torna-se essencial. Este artigo destaca a crescente import\u00e2ncia de estrat\u00e9gias que promovem a sa\u00fade mental dos colaboradores, explorando iniciativas pr\u00e1ticas e a necessidade premente de priorizar o cuidado mental no contexto profissional.<\/span><\/p>\n<h1><span style=\"font-weight: 400;\">Import\u00e2ncia do Bem-Estar no Trabalho<\/span><\/h1>\n<p><span style=\"font-weight: 400;\">A press\u00e3o constante e as demandas profissionais intensas podem gerar impactos significativos na sa\u00fade mental dos colaboradores. Um ambiente de trabalho que reconhece e aborda essa realidade n\u00e3o apenas aumenta a efici\u00eancia, mas tamb\u00e9m constr\u00f3i uma cultura organizacional s\u00f3lida. A sa\u00fade mental dos funcion\u00e1rios est\u00e1 intrinsecamente ligada \u00e0 produtividade, \u00e0 reten\u00e7\u00e3o de talentos e \u00e0 reputa\u00e7\u00e3o da empresa.<\/span><\/p>\n<h1><span style=\"font-weight: 400;\">Iniciativas de Bem-Estar no Trabalho<\/span><\/h1>\n<h3><span style=\"font-weight: 400;\">Programas de Sa\u00fade Mental<\/span><\/h3>\n<p><span style=\"font-weight: 400;\">Investir em programas que abordam diretamente a sa\u00fade mental, como workshops de gerenciamento de estresse, sess\u00f5es de medita\u00e7\u00e3o e acesso a aconselhamento profissional, cria um ambiente que apoia ativamente o bem-estar psicol\u00f3gico dos colaboradores.<\/span><\/p>\n<h3><span style=\"font-weight: 400;\">Flexibilidade no Trabalho<\/span><\/h3>\n<p><span style=\"font-weight: 400;\">A flexibilidade \u00e9 uma ferramenta poderosa para equilibrar as demandas profissionais e pessoais. Permitir hor\u00e1rios flex\u00edveis ou op\u00e7\u00f5es de trabalho remoto n\u00e3o apenas atende \u00e0s necessidades individuais dos funcion\u00e1rios, mas tamb\u00e9m promove um senso de confian\u00e7a e autonomia.<\/span><\/p>\n<h3><span style=\"font-weight: 400;\">Ambiente de Trabalho Positivo<\/span><\/h3>\n<p><img loading=\"lazy\" decoding=\"async\" class=\"size-full wp-image-28250\" src=\"https:\/\/www.controlid.com.br\/blog\/wp-content\/uploads\/2024\/03\/bem-estar-no-trabalho-positivo.jpg\" alt=\"bem-estar-no-trabalho-positivo\" width=\"1000\" height=\"619\" title=\"\" srcset=\"https:\/\/www.controlid.com.br\/blog\/wp-content\/uploads\/2024\/03\/bem-estar-no-trabalho-positivo.jpg 1000w, https:\/\/www.controlid.com.br\/blog\/wp-content\/uploads\/2024\/03\/bem-estar-no-trabalho-positivo-250x155.jpg 250w, https:\/\/www.controlid.com.br\/blog\/wp-content\/uploads\/2024\/03\/bem-estar-no-trabalho-positivo-150x93.jpg 150w, https:\/\/www.controlid.com.br\/blog\/wp-content\/uploads\/2024\/03\/bem-estar-no-trabalho-positivo-768x475.jpg 768w, https:\/\/www.controlid.com.br\/blog\/wp-content\/uploads\/2024\/03\/bem-estar-no-trabalho-positivo-664x411.jpg 664w, https:\/\/www.controlid.com.br\/blog\/wp-content\/uploads\/2024\/03\/bem-estar-no-trabalho-positivo-314x194.jpg 314w, https:\/\/www.controlid.com.br\/blog\/wp-content\/uploads\/2024\/03\/bem-estar-no-trabalho-positivo-313x193.jpg 313w, https:\/\/www.controlid.com.br\/blog\/wp-content\/uploads\/2024\/03\/bem-estar-no-trabalho-positivo-470x290.jpg 470w, https:\/\/www.controlid.com.br\/blog\/wp-content\/uploads\/2024\/03\/bem-estar-no-trabalho-positivo-405x250.jpg 405w\" sizes=\"auto, (max-width: 1000px) 100vw, 1000px\" \/><\/p>\n<p><span style=\"font-weight: 400;\">Fomentar um ambiente positivo envolve incentivar a comunica\u00e7\u00e3o aberta, promover o reconhecimento e criar espa\u00e7os onde as ideias e preocupa\u00e7\u00f5es dos colaboradores sejam valorizadas. Essa cultura fortalece os la\u00e7os entre os membros da equipe, reduzindo o estresse e melhorando a motiva\u00e7\u00e3o.<\/span><\/p>\n<h3><span style=\"font-weight: 400;\">Pol\u00edticas de Licen\u00e7a e Apoio<\/span><\/h3>\n<p><span style=\"font-weight: 400;\">Pol\u00edticas de licen\u00e7a abrangentes, incluindo licen\u00e7as para quest\u00f5es de sa\u00fade mental, mostram um compromisso real com o bem-estar dos colaboradores. Al\u00e9m disso, oferecer suporte emocional em momentos desafiadores demonstra uma preocupa\u00e7\u00e3o tang\u00edvel com o lado humano de cada membro da equipe.<\/span><\/p>\n<h3><span style=\"font-weight: 400;\">Educa\u00e7\u00e3o sobre Sa\u00fade Mental<\/span><\/h3>\n<p><span style=\"font-weight: 400;\">Investir em programas educacionais sobre sa\u00fade mental \u00e9 uma estrat\u00e9gia proativa. Ao aumentar a conscientiza\u00e7\u00e3o e desmistificar quest\u00f5es relacionadas \u00e0 sa\u00fade mental, as organiza\u00e7\u00f5es ajudam a combater o estigma associado a esse tema. Colaboradores bem informados podem reconhecer sinais precoces de estresse e ansiedade, buscando ajuda quando necess\u00e1rio, contribuindo para a constru\u00e7\u00e3o de um ambiente mais solid\u00e1rio.\u00a0<\/span><\/p>\n<h3><span style=\"font-weight: 400;\">Monitoramento e Avalia\u00e7\u00e3o Constantes<\/span><\/h3>\n<p><span style=\"font-weight: 400;\">Implementar medidas de monitoramento e avalia\u00e7\u00e3o \u00e9 crucial para a efic\u00e1cia das estrat\u00e9gias de bem-estar no trabalho. Realizar pesquisas regulares de clima organizacional, analisar m\u00e9tricas de absente\u00edsmo e avaliar a satisfa\u00e7\u00e3o dos colaboradores permite que a empresa ajuste suas iniciativas de acordo com as necessidades espec\u00edficas da equipe, garantindo uma abordagem personalizada e eficaz.<\/span><\/p>\n<p><span style=\"font-weight: 400;\">Em um mundo onde as fronteiras entre vida profissional e pessoal muitas vezes se confundem, empresas que priorizam a sa\u00fade mental de seus colaboradores est\u00e3o \u00e0 frente. Cultivar o bem-estar no trabalho n\u00e3o \u00e9 apenas uma escolha \u00e9tica, mas uma estrat\u00e9gia que impulsiona o sucesso organizacional a longo prazo. Ao implementar e fortalecer iniciativas de apoio \u00e0 sa\u00fade mental, as empresas propiciam a constru\u00e7\u00e3o de um ambiente onde todos podem prosperar. O bem-estar no trabalho \u00e9 uma jornada cont\u00ednua e rec\u00edproca, beneficiando tanto os colaboradores quanto a organiza\u00e7\u00e3o como um todo.<\/span><\/p>\n<p>&nbsp;<\/p>\n<p>A\u00a0<a href=\"https:\/\/www.controlid.com.br\/\">Control iD<\/a>\u00a0\u00e9 uma ind\u00fastria especializada no desenvolvimento de hardware e software para seguran\u00e7a eletr\u00f4nica,\u00a0<a title=\"automa\u00e7\u00e3o comercial\" href=\"https:\/\/www.controlid.com.br\/automacao-comercial\/\">automa\u00e7\u00e3o comercial<\/a>\u00a0e gest\u00e3o de recursos humanos.<\/p>\n<p>A plataforma\u00a0<a href=\"https:\/\/www.youtube.com\/watch?v=qVmNOk36cq4\" target=\"_blank\" rel=\"noopener\">RHiD<\/a>, desenvolvida pela Control iD, \u00e9 um sistema completo que permite a apura\u00e7\u00e3o de ponto na nuvem. Utilizando os mais modernos conceitos de SaaS (Software as a Service), o sistema dispensa a instala\u00e7\u00e3o e o armazenamento de informa\u00e7\u00f5es em computadores locais, pois todos os dados podem ser acessados atrav\u00e9s de um navegador ou utilizando o aplicativo para celular.<\/p>\n<p>A colabora\u00e7\u00e3o em tempo real entre gestores, funcion\u00e1rios e equipamentos oferece maior comodidade e liberdade para monitorar a frequ\u00eancia dos empregados. Al\u00e9m disso, as atualiza\u00e7\u00f5es do software s\u00e3o autom\u00e1ticas e disponibilizadas rapidamente aos clientes, que facilita o atendimento \u00e0s constantes evolu\u00e7\u00f5es das leis trabalhistas.<\/p>\n<p>&nbsp;<\/p>\n","protected":false},"excerpt":{"rendered":"<p>Num mundo corporativo cada vez mais din\u00e2mico, a valoriza\u00e7\u00e3o do bem-estar no trabalho torna-se essencial. Este artigo destaca a crescente import\u00e2ncia de estrat\u00e9gias que promovem a sa\u00fade mental dos colaboradores, explorando iniciativas pr\u00e1ticas e a necessidade premente de priorizar o cuidado mental no contexto profissional. Import\u00e2ncia do Bem-Estar no Trabalho A press\u00e3o constante e as [&hellip;]<\/p>\n","protected":false},"author":1,"featured_media":28251,"comment_status":"open","ping_status":"open","sticky":false,"template":"","format":"standard","meta":{"rank_math_lock_modified_date":false,"inline_featured_image":false,"footnotes":""},"categories":[119],"tags":[244,186,135,190],"class_list":["post-28249","post","type-post","status-publish","format-standard","has-post-thumbnail","hentry","category-rh","tag-control-id","tag-recursos-humanos","tag-rh","tag-trabalho"],"_links":{"self":[{"href":"https:\/\/www.controlid.com.br\/blog\/wp-json\/wp\/v2\/posts\/28249","targetHints":{"allow":["GET"]}}],"collection":[{"href":"https:\/\/www.controlid.com.br\/blog\/wp-json\/wp\/v2\/posts"}],"about":[{"href":"https:\/\/www.controlid.com.br\/blog\/wp-json\/wp\/v2\/types\/post"}],"author":[{"embeddable":true,"href":"https:\/\/www.controlid.com.br\/blog\/wp-json\/wp\/v2\/users\/1"}],"replies":[{"embeddable":true,"href":"https:\/\/www.controlid.com.br\/blog\/wp-json\/wp\/v2\/comments?post=28249"}],"version-history":[{"count":3,"href":"https:\/\/www.controlid.com.br\/blog\/wp-json\/wp\/v2\/posts\/28249\/revisions"}],"predecessor-version":[{"id":28254,"href":"https:\/\/www.controlid.com.br\/blog\/wp-json\/wp\/v2\/posts\/28249\/revisions\/28254"}],"wp:featuredmedia":[{"embeddable":true,"href":"https:\/\/www.controlid.com.br\/blog\/wp-json\/wp\/v2\/media\/28251"}],"wp:attachment":[{"href":"https:\/\/www.controlid.com.br\/blog\/wp-json\/wp\/v2\/media?parent=28249"}],"wp:term":[{"taxonomy":"category","embeddable":true,"href":"https:\/\/www.controlid.com.br\/blog\/wp-json\/wp\/v2\/categories?post=28249"},{"taxonomy":"post_tag","embeddable":true,"href":"https:\/\/www.controlid.com.br\/blog\/wp-json\/wp\/v2\/tags?post=28249"}],"curies":[{"name":"wp","href":"https:\/\/api.w.org\/{rel}","templated":true}]}}