{"id":1280,"date":"2020-08-21T15:40:47","date_gmt":"2020-08-21T18:40:47","guid":{"rendered":"https:\/\/www.controlid.com.br\/blog\/?p=1280"},"modified":"2020-08-21T15:40:47","modified_gmt":"2020-08-21T18:40:47","slug":"cipa-empresa-orientar-sobre-covid","status":"publish","type":"post","link":"https:\/\/www.controlid.com.br\/blog\/outros\/cipa-empresa-orientar-sobre-covid\/","title":{"rendered":"Cipa da empresa pode orientar sobre Covid-19"},"content":{"rendered":"<h2>Cipa das empresas poder\u00e3o orientar sobre covid-19<\/h2>\n<p><span style=\"font-weight: 400;\">Entre as novas rotinas que j\u00e1 s\u00e3o dadas como certas na retomada da economia \u00e9 a inclus\u00e3o de protocolos de preven\u00e7\u00e3o de doen\u00e7as nos programas de certifica\u00e7\u00e3o de qualidade e nas iniciativas de capacita\u00e7\u00e3o sobre normas t\u00e9cnicas e bem estar dos trabalhadores.\u00a0<\/span><\/p>\n<p><span style=\"font-weight: 400;\">No Brasil, a tarefa de orientar sobre o cont\u00e1gio de coronav\u00edrus dentro das corpora\u00e7\u00f5es pode ficar a cargo das Comiss\u00f5es Internas de Preven\u00e7\u00e3o de Acidentes (Cipa), obrigat\u00f3rias em todas as empresas que possuem mais de 20 colaboradores.<\/span><\/p>\n<p><span style=\"font-weight: 400;\">\u00c9 o que prev\u00ea o<\/span><a href=\"https:\/\/www.camara.leg.br\/proposicoesWeb\/fichadetramitacao?idProposicao=2258673\" target=\"_blank\" rel=\"noopener noreferrer\"><span style=\"font-weight: 400;\"> projeto de lei 3.946\/2020<\/span><\/a><span style=\"font-weight: 400;\">, em discuss\u00e3o na C\u00e2mara dos Deputados, de autoria do deputado federal Daniel de Almeida (PCdoB\/BA).<\/span><\/p>\n<p><span style=\"font-weight: 400;\">A proposta estipula que a comiss\u00e3o dever\u00e1 realizar atividades orientadas \u00e0 detec\u00e7\u00e3o do coronav\u00edrus no ambiente do trabalho, promover cursos, oficinas e orienta\u00e7\u00f5es, estabelecer protocolos de cuidado no conv\u00edvio entre dos trabalhadores e nas atividades laborais, divulgar estat\u00edsticas e outras informa\u00e7\u00f5es epidemiol\u00f3gicas, tudo isso com especial aten\u00e7\u00e3o aos colaboradores que pertencem e um ou mais grupos de risco.<\/span><\/p>\n<p><span style=\"font-weight: 400;\">O poder p\u00fablico poder\u00e1 criar comit\u00eas de acompanhamento para auxiliar as empresas a implementar e avaliar internamente o \u00eaxito dos programas.<\/span><\/p>\n<p><span style=\"font-weight: 400;\">As Cipas poder\u00e3o ainda requerer aux\u00edlio dos t\u00e9cnicos governamentais para promover capacita\u00e7\u00e3o aos cipeiros, uma vez que informa\u00e7\u00f5es relativas \u00e0 doen\u00e7a n\u00e3o fazem parte da rotina original das comiss\u00f5es internas.<\/span><\/p>\n<p><span style=\"font-weight: 400;\">De acordo com o pr\u00f3prio projeto, a Cipa \u00e9 a \u201cinstitui\u00e7\u00e3o justamente talhada para esse encargo, pois tem o objetivo de preservar a integridade f\u00edsica dos trabalhadores por interm\u00e9dio de a\u00e7\u00f5es que minimizem situa\u00e7\u00f5es de riscos de acidentes e doen\u00e7as do trabalho\u201d. \u201cDeve-se estabelecer programas espec\u00edficos para orientar o segmento dos trabalhadores na ind\u00fastria, no com\u00e9rcio e servi\u00e7os e preveni-los a respeito da enfermidade\u201d, afirma o autor do projeto, por meio da Ag\u00eancia C\u00e2mara de Not\u00edcias.<\/span><\/p>\n<p><span style=\"font-weight: 400;\">O texto foi apresentado no fim de julho e n\u00e3o tem data para ir a vota\u00e7\u00e3o em plen\u00e1rio.<\/span><\/p>\n<h3><b>Regras da Cipa<\/b><\/h3>\n<p><span style=\"font-weight: 400;\">Como mencionado, <\/span><a href=\"https:\/\/enit.trabalho.gov.br\/portal\/images\/Arquivos_SST\/SST_NR\/NR-05.pdf\" target=\"_blank\" rel=\"noopener noreferrer\"><span style=\"font-weight: 400;\">toda empresa com mais de 20 funcion\u00e1rios precisa manter uma Cipa ativa<\/span><\/a><span style=\"font-weight: 400;\">, com a inten\u00e7\u00e3o de minimizar ao m\u00e1ximo a possibilidade de acidentes de trabalho dentro das instala\u00e7\u00f5es da firma e no trajeto at\u00e9 ela.<\/span><\/p>\n<p><span style=\"font-weight: 400;\">O grupo deve se reunir periodicamente para, entre outras atribui\u00e7\u00f5es:<\/span><\/p>\n<ul>\n<li style=\"font-weight: 400;\"><span style=\"font-weight: 400;\">Criar um mapa de riscos de acidentes de acordo com as especificidades da empresa;<\/span><\/li>\n<li style=\"font-weight: 400;\"><span style=\"font-weight: 400;\">Divulgar informa\u00e7\u00f5es relativas \u00e0 seguran\u00e7a do trabalho aos demais colaboradores;<\/span><\/li>\n<li style=\"font-weight: 400;\"><span style=\"font-weight: 400;\">Elaborar plano de trabalho que possibilite a a\u00e7\u00e3o preventiva na solu\u00e7\u00e3o de problemas de seguran\u00e7a e sa\u00fade no trabalho;<\/span><\/li>\n<li style=\"font-weight: 400;\"><span style=\"font-weight: 400;\">Realizar verifica\u00e7\u00f5es nos ambientes e condi\u00e7\u00f5es de trabalho visando a identifica\u00e7\u00e3o de situa\u00e7\u00f5es que venham a trazer riscos para a seguran\u00e7a e sa\u00fade dos trabalhadores;<\/span><\/li>\n<li style=\"font-weight: 400;\"><span style=\"font-weight: 400;\">Requisitar ao empregador e analisar as informa\u00e7\u00f5es sobre quest\u00f5es que tenham interferido na seguran\u00e7a e sa\u00fade dos trabalhadores;\u00a0<\/span><\/li>\n<\/ul>\n<p><span style=\"font-weight: 400;\">As reuni\u00f5es devem ser mensais e podem ser realizadas nas depend\u00eancias da pr\u00f3pria empresa, durante o expediente. Empregadores e empregadores precisam designar representantes para discutir seus interesses no \u00e2mbito da comiss\u00e3o. O \u201ctamanho\u201d da Cipa varia conforme o porte da empresa.<\/span><\/p>\n<p><span style=\"font-weight: 400;\">Se aprovado, o projeto de lei passar\u00e1 a incorporar mais esta obriga\u00e7\u00e3o na pauta das comiss\u00f5es internas: a orienta\u00e7\u00e3o sobre o coronav\u00edrus e as principais pr\u00e1ticas para evitar o cont\u00e1gio no ambiente de trabalho.<\/span><\/p>\n<p>&nbsp;<\/p>\n<p><span style=\"font-weight: 400;\">Aqui no <a href=\"https:\/\/www.controlid.com.br\/blog\/\" target=\"_blank\" rel=\"noopener noreferrer\">blog<\/a>, voc\u00ea acompanha estas e outras dicas sobre a gest\u00e3o de recursos humanos e as principais mudan\u00e7as decorrentes da pandemia de coronav\u00edrus.<\/span><\/p>\n","protected":false},"excerpt":{"rendered":"<p>Cipa das empresas poder\u00e3o orientar sobre covid-19 Entre as novas rotinas que j\u00e1 s\u00e3o dadas como certas na retomada da economia \u00e9 a inclus\u00e3o de protocolos de preven\u00e7\u00e3o de doen\u00e7as nos programas de certifica\u00e7\u00e3o de qualidade e nas iniciativas de capacita\u00e7\u00e3o sobre normas t\u00e9cnicas e bem estar dos trabalhadores.\u00a0 No Brasil, a tarefa de orientar [&hellip;]<\/p>\n","protected":false},"author":13,"featured_media":1282,"comment_status":"open","ping_status":"open","sticky":false,"template":"","format":"standard","meta":{"rank_math_lock_modified_date":false,"inline_featured_image":false,"footnotes":""},"categories":[1,119],"tags":[],"class_list":["post-1280","post","type-post","status-publish","format-standard","has-post-thumbnail","hentry","category-outros","category-rh"],"_links":{"self":[{"href":"https:\/\/www.controlid.com.br\/blog\/wp-json\/wp\/v2\/posts\/1280","targetHints":{"allow":["GET"]}}],"collection":[{"href":"https:\/\/www.controlid.com.br\/blog\/wp-json\/wp\/v2\/posts"}],"about":[{"href":"https:\/\/www.controlid.com.br\/blog\/wp-json\/wp\/v2\/types\/post"}],"author":[{"embeddable":true,"href":"https:\/\/www.controlid.com.br\/blog\/wp-json\/wp\/v2\/users\/13"}],"replies":[{"embeddable":true,"href":"https:\/\/www.controlid.com.br\/blog\/wp-json\/wp\/v2\/comments?post=1280"}],"version-history":[{"count":2,"href":"https:\/\/www.controlid.com.br\/blog\/wp-json\/wp\/v2\/posts\/1280\/revisions"}],"predecessor-version":[{"id":1283,"href":"https:\/\/www.controlid.com.br\/blog\/wp-json\/wp\/v2\/posts\/1280\/revisions\/1283"}],"wp:featuredmedia":[{"embeddable":true,"href":"https:\/\/www.controlid.com.br\/blog\/wp-json\/wp\/v2\/media\/1282"}],"wp:attachment":[{"href":"https:\/\/www.controlid.com.br\/blog\/wp-json\/wp\/v2\/media?parent=1280"}],"wp:term":[{"taxonomy":"category","embeddable":true,"href":"https:\/\/www.controlid.com.br\/blog\/wp-json\/wp\/v2\/categories?post=1280"},{"taxonomy":"post_tag","embeddable":true,"href":"https:\/\/www.controlid.com.br\/blog\/wp-json\/wp\/v2\/tags?post=1280"}],"curies":[{"name":"wp","href":"https:\/\/api.w.org\/{rel}","templated":true}]}}