{"id":1168,"date":"2020-07-29T17:45:26","date_gmt":"2020-07-29T20:45:26","guid":{"rendered":"https:\/\/www.controlid.com.br\/blog\/?p=1168"},"modified":"2020-07-29T17:45:26","modified_gmt":"2020-07-29T20:45:26","slug":"voltar-as-atividades-presenciais","status":"publish","type":"post","link":"https:\/\/www.controlid.com.br\/blog\/outros\/voltar-as-atividades-presenciais\/","title":{"rendered":"Sua empresa est\u00e1 preparada para voltar \u00e0s atividades presenciais?"},"content":{"rendered":"<h2>Sua empresa est\u00e1 preparada para voltar \u00e0s atividades presenciais?<\/h2>\n<p><span style=\"font-weight: 400;\">O Brasil \u00e9 um pa\u00eds de dimens\u00f5es continentais e que vivencia realidades muito diferentes entre um estado e outro. Isso tamb\u00e9m vale para a pandemia de coronav\u00edrus, em que cada Unidade da Federa\u00e7\u00e3o parece ter testemunhado uma realidade epidemiol\u00f3gica diferente, o que culminou na ado\u00e7\u00e3o de diferentes medidas de isolamento social. <\/span><\/p>\n<p><span style=\"font-weight: 400;\">Ainda assim, a maior parte das empresas paralisou as atividades presenciais ou adotou esquemas especiais de distribui\u00e7\u00e3o de jornadas, para evitar aglomera\u00e7\u00f5es de funcion\u00e1rios e preservar a sa\u00fade dos colaboradores. Nessa hora, vem a pergunta: quando voltar as atividades presenciais?<\/span><\/p>\n<p><span style=\"font-weight: 400;\">A resposta a esse questionamento n\u00e3o \u00e9 simples e em alguma medida est\u00e1 relacionada a nossa reflex\u00e3o inicial: \u00e9 preciso verificar o comportamento da doen\u00e7a e as a\u00e7\u00f5es permitidas e vedadas em cada estado. Em outras palavras, essa n\u00e3o \u00e9 uma decis\u00e3o tomada ao bel-prazer do gestor da empresa, e est\u00e1 ligada \u00e0 evolu\u00e7\u00e3o ou involu\u00e7\u00e3o da doen\u00e7a em cada local.<\/span><\/p>\n<p><span style=\"font-weight: 400;\">Supondo que a empresa trabalhe com atividades essenciais e\/ou possa voltar a funcionar, passamos \u00e0 reflex\u00e3o seguinte &#8211; estabelecer <\/span><i><span style=\"font-weight: 400;\">se<\/span><\/i><span style=\"font-weight: 400;\">, <\/span><i><span style=\"font-weight: 400;\">quando<\/span><\/i><span style=\"font-weight: 400;\"> e <\/span><i><span style=\"font-weight: 400;\">como<\/span><\/i><span style=\"font-weight: 400;\"> a empresa deve restabelecer as atividades presenciais.<\/span><\/p>\n<p><span style=\"font-weight: 400;\">Dividimos esta orienta\u00e7\u00e3o em quatro t\u00f3picos b\u00e1sicos que precisam ser levados em conta neste momento: a <\/span><i><span style=\"font-weight: 400;\">atividade econ\u00f4mica<\/span><\/i><span style=\"font-weight: 400;\"> da empresa, o <\/span><i><span style=\"font-weight: 400;\">n\u00edvel de adapta\u00e7\u00e3o ao home office<\/span><\/i><span style=\"font-weight: 400;\">, a <\/span><i><span style=\"font-weight: 400;\">situa\u00e7\u00e3o financeira do empreendimento <\/span><\/i><span style=\"font-weight: 400;\">e, por fim, <\/span><i><span style=\"font-weight: 400;\">o plano de retomada.<\/span><\/i><\/p>\n<h2><b>Atividade econ\u00f4mica<\/b><\/h2>\n<p><span style=\"font-weight: 400;\">Uma pequena ind\u00fastria de cal\u00e7ados tem uma realidade totalmente diferente que a de um escrit\u00f3rio de contabilidade. Por isso, n\u00e3o h\u00e1 que se falar em uma regra geral, quando na verdade cada empres\u00e1rio vive uma situa\u00e7\u00e3o particular e sabe qual o n\u00edvel de depend\u00eancia que possui do trabalho presencial de seus colaboradores.<\/span><\/p>\n<p><span style=\"font-weight: 400;\">Em linhas gerais, atividades de \u201cescrit\u00f3rio\u201d podem permanecer em home office por mais tempo, porque o fruto de seu trabalho depende menos (ou nada) de sua presen\u00e7a in loco. Um bom plano de reuni\u00f5es peri\u00f3dicas, distribui\u00e7\u00e3o de tarefas, avalia\u00e7\u00e3o de resultados e controle de jornadas a dist\u00e2ncia pode preservar o grupo em casa por mais tempo.<\/span><\/p>\n<p><span style=\"font-weight: 400;\">J\u00e1 as atividades industriais e comerciais est\u00e3o mais ligadas \u00e0 presen\u00e7a do funcion\u00e1rio, porque o fruto de seu trabalho est\u00e1 relacionado com atendimento ao p\u00fablico e a\u00e7\u00f5es operacionais.<\/span><\/p>\n<p><span style=\"font-weight: 400;\">Por isso, a retomada precisa necessariamente ponderar sobre a caracter\u00edstica do estabelecimento.<\/span><\/p>\n<h2><b>N\u00edvel de adapta\u00e7\u00e3o ao home office<\/b><\/h2>\n<p><span style=\"font-weight: 400;\">Sobretudo nas grandes cidades, o trabalho em casa se mostrou muito eficiente. Trabalhadores demonstram estar mais engajados e dispostos, por ter se livrado de horas de tr\u00e2nsito e outros transtornos comuns aos centros urbanos. Ainda assim, \u00e9 vital pensar no <a href=\"https:\/\/www.controlid.com.br\/blog\/outros\/saude-mental-na-pandemia\/\" target=\"_blank\" rel=\"noopener noreferrer\">bem estar dos colaboradores durante a pandemia<\/a><\/span><span style=\"font-weight: 400;\">.<\/span><\/p>\n<p><span style=\"font-weight: 400;\">Se o modelo de trabalho empreendido na empresa se mostrou afeita ao home office, n\u00e3o h\u00e1 raz\u00f5es para abreviar este per\u00edodo e antecipar a retomada presencial.<\/span><\/p>\n<p><span style=\"font-weight: 400;\">Para mapear esta quest\u00e3o nos aspectos quantitativos e qualitativos, basta comparar os rendimentos da empresa com os dos \u201ctempos normais\u201d, desconsiderando, claro, os efeitos da pandemia e, em paralelo, pesquisar junto a funcion\u00e1rios, colaboradores e clientes se houve grandes perdas com o fim da atua\u00e7\u00e3o presencial.<\/span><\/p>\n<p><span style=\"font-weight: 400;\">Se o resultado demonstrar que a atividade in loco \u00e9 indispens\u00e1vel, \u00e9 bom passar para o pr\u00f3ximo item.<\/span><\/p>\n<h2><b>Situa\u00e7\u00e3o financeira ap\u00f3s <\/b>voltar \u00e0s atividades<\/h2>\n<p><span style=\"font-weight: 400;\">Como j\u00e1 mencionamos, ind\u00fastria, com\u00e9rcio e presta\u00e7\u00e3o de servi\u00e7os muitas vezes dependem intimamente do trabalho convencional. Esses s\u00e3o os maiores prejudicados pelo afastamento laboral.<\/span><\/p>\n<p><span style=\"font-weight: 400;\">Desde o in\u00edcio da s\u00e9rie hist\u00f3rica, o setor de servi\u00e7os nunca viu tombo t\u00e3o grande quanto o de agora:<\/span><a href=\"https:\/\/valorinveste.globo.com\/mercados\/brasil-e-politica\/noticia\/2020\/06\/17\/servicos-despencam-117percent-em-abril-maior-queda-da-historica-com-pandemia.ghtml\" target=\"_blank\" rel=\"noopener noreferrer\"><span style=\"font-weight: 400;\"> mais de 11,7%, segundo dados de abril<\/span><\/a><span style=\"font-weight: 400;\">.<\/span><\/p>\n<p><span style=\"font-weight: 400;\">Ainda que a resili\u00eancia tenha sido sacada \u00e0 exaust\u00e3o &#8211; bares atuando com delivery, barbeiros e cabeleireiras trabalhando na casa do cliente, entre outros exemplos &#8211; n\u00e3o tem sido f\u00e1cil ganhar dinheiro com o estabelecimento fechado.<\/span><\/p>\n<p><span style=\"font-weight: 400;\">Sem d\u00favida, a situa\u00e7\u00e3o financeira decorrente do fim do trabalho presencial \u00e9 o maior catalisador do desejo de retomada, o que nos leva ao \u00faltimo item.<\/span><\/p>\n<h2><b>Voltar \u00e0s atividades e o plano de retomada<\/b><\/h2>\n<p>N\u00e3o recomece da noite para o dia. <span style=\"font-weight: 400;\">Estabele\u00e7a um plano de retomada que inclua: cuidados com a sede f\u00edsica, a fim de preservar a sa\u00fade de funcion\u00e1rios e colaboradores; gest\u00e3o de RH, para mapear servidores em situa\u00e7\u00e3o de risco ou que eventualmente pegaram coronav\u00edrus; gest\u00e3o financeira, aderindo ou n\u00e3o \u00e0s medidas de preserva\u00e7\u00e3o do emprego e da renda; a\u00e7\u00f5es de escalonamento de jornadas, diminuindo a quantidade de trabalhadores atuando simultaneamente; por fim, comunica\u00e7\u00e3o \u00e0 sociedade, chamando a aten\u00e7\u00e3o para a necessidade de retomada consciente e respeitosa.<\/span><\/p>\n<p><span style=\"font-weight: 400;\">Lembre-se: a pandemia aflorou muitas diverg\u00eancias entre as pessoas, e enquanto muitos cidad\u00e3os querem reabrir para retomar suas vidas, outros defendem o isolamento social radical, e precisam enxergar que seu neg\u00f3cio n\u00e3o est\u00e1 abrindo para tripudiar da doen\u00e7a, e sim por necessidade. Portanto, a retomada deve ser contida e, de novo, respeitosa.<\/span><\/p>\n<p><span style=\"font-weight: 400;\">Se o estabelecimento \u00e9 aberto ao p\u00fablico, controle de frequ\u00eancia e medi\u00e7\u00e3o de temperatura t\u00eam se mostrado imprescind\u00edveis.<\/span><\/p>\n<p><span style=\"font-weight: 400;\">A<\/span><a href=\"https:\/\/www.controlid.com.br\/\" target=\"_blank\" rel=\"noopener noreferrer\"><span style=\"font-weight: 400;\"> Control iD<\/span><\/a><span style=\"font-weight: 400;\"> pode ajud\u00e1-lo em duas frentes diferentes: no <\/span><a href=\"https:\/\/www.controlid.com.br\/controle-de-acesso\/\" target=\"_blank\" rel=\"noopener noreferrer\"><span style=\"font-weight: 400;\">controle de acesso<\/span><\/a><span style=\"font-weight: 400;\">, por meio de controladores capazes de liberar ou barrar entradas e sa\u00eddas, dependendo da quantidade de frequentadores; e no <\/span><a href=\"https:\/\/www.controlid.com.br\/relogio-de-ponto\/\" target=\"_blank\" rel=\"noopener noreferrer\"><span style=\"font-weight: 400;\">controle de ponto<\/span><\/a><span style=\"font-weight: 400;\"> dos funcion\u00e1rios, com equipamentos que recebem multiprograma\u00e7\u00f5es, ideais para respeitar escalonamentos maiores de jornada. A identifica\u00e7\u00e3o pode ser feita de maneira biom\u00e9trica ou sem contato com o equipamento, por meio dos leitores de proximidade, ajudando a evitar o cont\u00e1gio desta e de outras doen\u00e7as.<\/span><\/p>\n<p><span style=\"font-weight: 400;\"><a href=\"https:\/\/www.controlid.com.br\/blog\/\" target=\"_blank\" rel=\"noopener noreferrer\">Aqui no blog<\/a>, voc\u00ea tem acesso a essas e outras dicas para ajudar voc\u00ea a planejar e a <\/span>voltar \u00e0s atividades<span style=\"font-weight: 400;\">\u00a0de seu neg\u00f3cio.<\/span><\/p>\n","protected":false},"excerpt":{"rendered":"<p>Sua empresa est\u00e1 preparada para voltar \u00e0s atividades presenciais? O Brasil \u00e9 um pa\u00eds de dimens\u00f5es continentais e que vivencia realidades muito diferentes entre um estado e outro. Isso tamb\u00e9m vale para a pandemia de coronav\u00edrus, em que cada Unidade da Federa\u00e7\u00e3o parece ter testemunhado uma realidade epidemiol\u00f3gica diferente, o que culminou na ado\u00e7\u00e3o de [&hellip;]<\/p>\n","protected":false},"author":10,"featured_media":1175,"comment_status":"open","ping_status":"open","sticky":false,"template":"","format":"standard","meta":{"rank_math_lock_modified_date":false,"inline_featured_image":false,"footnotes":""},"categories":[1],"tags":[86,95,155,154],"class_list":["post-1168","post","type-post","status-publish","format-standard","has-post-thumbnail","hentry","category-outros","tag-coronavirus","tag-pandemia","tag-pos-coronavirus","tag-pos-pandemia"],"_links":{"self":[{"href":"https:\/\/www.controlid.com.br\/blog\/wp-json\/wp\/v2\/posts\/1168","targetHints":{"allow":["GET"]}}],"collection":[{"href":"https:\/\/www.controlid.com.br\/blog\/wp-json\/wp\/v2\/posts"}],"about":[{"href":"https:\/\/www.controlid.com.br\/blog\/wp-json\/wp\/v2\/types\/post"}],"author":[{"embeddable":true,"href":"https:\/\/www.controlid.com.br\/blog\/wp-json\/wp\/v2\/users\/10"}],"replies":[{"embeddable":true,"href":"https:\/\/www.controlid.com.br\/blog\/wp-json\/wp\/v2\/comments?post=1168"}],"version-history":[{"count":4,"href":"https:\/\/www.controlid.com.br\/blog\/wp-json\/wp\/v2\/posts\/1168\/revisions"}],"predecessor-version":[{"id":1177,"href":"https:\/\/www.controlid.com.br\/blog\/wp-json\/wp\/v2\/posts\/1168\/revisions\/1177"}],"wp:featuredmedia":[{"embeddable":true,"href":"https:\/\/www.controlid.com.br\/blog\/wp-json\/wp\/v2\/media\/1175"}],"wp:attachment":[{"href":"https:\/\/www.controlid.com.br\/blog\/wp-json\/wp\/v2\/media?parent=1168"}],"wp:term":[{"taxonomy":"category","embeddable":true,"href":"https:\/\/www.controlid.com.br\/blog\/wp-json\/wp\/v2\/categories?post=1168"},{"taxonomy":"post_tag","embeddable":true,"href":"https:\/\/www.controlid.com.br\/blog\/wp-json\/wp\/v2\/tags?post=1168"}],"curies":[{"name":"wp","href":"https:\/\/api.w.org\/{rel}","templated":true}]}}